{"id":11644,"date":"2019-01-14T15:58:48","date_gmt":"2019-01-14T14:58:48","guid":{"rendered":"https:\/\/tmcomas.com\/adios-a-maria-puig-i-nonell-cofundadora-de-tmcomas\/"},"modified":"2020-10-12T12:02:04","modified_gmt":"2020-10-12T10:02:04","slug":"adios-a-maria-puig-i-nonell-cofundadora-de-tmcomas","status":"publish","type":"post","link":"https:\/\/tmcomas.com\/en\/adios-a-maria-puig-i-nonell-cofundadora-de-tmcomas\/","title":{"rendered":"Adi\u00f3s a Maria Puig i Nonell, cofundadora de TMCOMAS"},"content":{"rendered":"<p>Desde <strong>TMCOMAS<\/strong> queremos comunicar a todos nuestros clientes y amigos la triste p\u00e9rdida de <strong>Maria Puig i Nonell<\/strong>, <a href=\"http:\/\/www.tmcomas.com\/celebramos-los-100-anos-del-nacimiento-de-francisco-comas-antonijuan-fundador-de-tmcomas\/\">viuda de Francisco Comas Antonijuan<\/a> y cofundadora de <a href=\"http:\/\/www.tmcomas.com\"><strong>TMCOMAS<\/strong><\/a>, que nos dej\u00f3 a los<strong> 97 a\u00f1os<\/strong>, por causas naturales, el pasado viernes, 11 de enero de 2019.<\/p>\n<p>Maria, madre del actual CEO de<strong><a href=\"http:\/\/www.tmcomas.com\"> TMCOMAS<\/a>, Lloren\u00e7 Comas Puig,<\/strong> y abuela de los adjuntos a direcci\u00f3n,\u00a0<strong>Georgina Comas Vieta y Lloren\u00e7 Comas Vieta<\/strong>, nos ha dejado despu\u00e9s de una vida larga y plena.<\/p>\n<p><img fetchpriority=\"high\" decoding=\"async\" class=\"aligncenter wp-image-5511 size-large\" src=\"https:\/\/tmcomas.com\/wp-content\/uploads\/IMG_4154-1024x768-1.jpg\" alt=\"\" width=\"640\" height=\"480\" \/><\/p>\n<p>Mujer fuerte y avanzada a su tiempo, Maria trabaj\u00f3 codo con codo con su marido Francisco para arrancar el <strong>negocio familiar <\/strong>que empez\u00f3 hace ya <strong>m\u00e1s de 60 a\u00f1os.<\/strong><\/p>\n<p>Orgullosa de lo que hab\u00eda conseguido, Maria ha tenido la oportunidad de ver como a lo largo de estas 6 d\u00e9cadas,<strong> el proyecto empresarial de toda la familia, <\/strong>encabezado en la actualidad por su hijo mediano Lloren\u00e7, <strong>se ha expandido <\/strong>por distintos pa\u00edses y <strong>se ha consolidado como referente espa\u00f1ol en el sector de la ingenier\u00eda mec\u00e1nica y de superficies.<\/strong><\/p>\n<p>As\u00ed, en estos a\u00f1os, y siempre con su apoyo, lo que empez\u00f3 siendo<strong> Talleres Mec\u00e1nicos Comas<\/strong>, un negocio familiar dedicado a la ejecuci\u00f3n de trabajos especiales y de mantenimiento dentro del sector de la mec\u00e1nica de precisi\u00f3n, se ha convertido en <a href=\"http:\/\/www.tmcomas.com\"><strong>TMCOMAS<\/strong><\/a>, una empresa tecnol\u00f3gicamente preparada para dar soluci\u00f3n a cualquier necesidad que presente la industria, gracias, sobre todo, <strong>a nuestra filosof\u00eda de innovaci\u00f3n continua y a nuestro esp\u00edritu de ofrecer siempre el mejor servicio.<\/strong><\/p>\n<p>Y precisamente gracias a ese crecimiento constante y al \u00e9xito que sigue cosechando la compa\u00f1\u00eda que ella fund\u00f3 junto a su marido, hace tan s\u00f3lo unas semanas, <a href=\"http:\/\/www.tmcomas.com\/calentamos-motores-para-la-inauguracion-oficial-de-nuestro-nuevo-taller\/\"><strong>Maria asisti\u00f3 a la pre inauguraci\u00f3n familiar que organiz\u00f3 TMCOMAS para presentar las nuevas instalaciones<\/strong><\/a> que se ultimaran a lo largo de este primer trimestre de 2019. Una ocasi\u00f3n en la que la matriarca de la <strong>Familia Comas<\/strong> record\u00f3 los inicios de la empresa y se emocion\u00f3 al ver lo lejos que ha llegado.<\/p>\n<p>Por todo ello, desde <a href=\"http:\/\/www.tmcomas.com\"><strong>TMCOMAS<\/strong><\/a> y en nombre de su familia, queremos despedirla record\u00e1ndola con todo el cari\u00f1o que se merec\u00eda.<\/p>\n","protected":false},"excerpt":{"rendered":"<p>Desde TMCOMAS queremos comunicar a todos nuestros clientes y amigos la triste p\u00e9rdida de Maria Puig i Nonell, viuda de Francisco Comas Antonijuan y cofundadora de TMCOMAS, que nos dej\u00f3 a los 97 a\u00f1os, por causas naturales, el pasado viernes, 11 de enero de 2019. Maria, madre del actual CEO de TMCOMAS, Lloren\u00e7 Comas Puig, [&hellip;]<\/p>\n","protected":false},"author":2,"featured_media":7771,"comment_status":"closed","ping_status":"closed","sticky":false,"template":"","format":"standard","meta":{"site-sidebar-layout":"default","site-content-layout":"default","ast-site-content-layout":"default","site-content-style":"default","site-sidebar-style":"default","ast-global-header-display":"","ast-banner-title-visibility":"","ast-main-header-display":"","ast-hfb-above-header-display":"","ast-hfb-below-header-display":"","ast-hfb-mobile-header-display":"","site-post-title":"","ast-breadcrumbs-content":"","ast-featured-img":"","footer-sml-layout":"","theme-transparent-header-meta":"default","adv-header-id-meta":"","stick-header-meta":"","header-above-stick-meta":"","header-main-stick-meta":"","header-below-stick-meta":"","astra-migrate-meta-layouts":"default","ast-page-background-enabled":"default","ast-page-background-meta":{"desktop":{"background-color":"","background-image":"","background-repeat":"repeat","background-position":"center center","background-size":"auto","background-attachment":"scroll","background-type":"","background-media":"","overlay-type":"","overlay-color":"","overlay-opacity":"","overlay-gradient":""},"tablet":{"background-color":"","background-image":"","background-repeat":"repeat","background-position":"center center","background-size":"auto","background-attachment":"scroll","background-type":"","background-media":"","overlay-type":"","overlay-color":"","overlay-opacity":"","overlay-gradient":""},"mobile":{"background-color":"","background-image":"","background-repeat":"repeat","background-position":"center center","background-size":"auto","background-attachment":"scroll","background-type":"","background-media":"","overlay-type":"","overlay-color":"","overlay-opacity":"","overlay-gradient":""}},"ast-content-background-meta":{"desktop":{"background-color":"var(--ast-global-color-5)","background-image":"","background-repeat":"repeat","background-position":"center center","background-size":"auto","background-attachment":"scroll","background-type":"","background-media":"","overlay-type":"","overlay-color":"","overlay-opacity":"","overlay-gradient":""},"tablet":{"background-color":"var(--ast-global-color-5)","background-image":"","background-repeat":"repeat","background-position":"center center","background-size":"auto","background-attachment":"scroll","background-type":"","background-media":"","overlay-type":"","overlay-color":"","overlay-opacity":"","overlay-gradient":""},"mobile":{"background-color":"var(--ast-global-color-5)","background-image":"","background-repeat":"repeat","background-position":"center center","background-size":"auto","background-attachment":"scroll","background-type":"","background-media":"","overlay-type":"","overlay-color":"","overlay-opacity":"","overlay-gradient":""}},"_joinchat":[],"footnotes":""},"categories":[789],"tags":[1341,836,965,909,910,1376,1057,796],"class_list":["post-11644","post","type-post","status-publish","format-standard","has-post-thumbnail","hentry","category-news","tag-georgina-comas-vieta-en","tag-ingenieria-de-superficies-fr-en","tag-ingenieria-mecanica-en-2","tag-llorenc-comas-puig-en-2","tag-llorenc-comas-vieta-en-2","tag-maria-puig-i-nonell-en","tag-talleres-mecanicos-comas-en","tag-tmcomas-en-2"],"_links":{"self":[{"href":"https:\/\/tmcomas.com\/en\/wp-json\/wp\/v2\/posts\/11644","targetHints":{"allow":["GET"]}}],"collection":[{"href":"https:\/\/tmcomas.com\/en\/wp-json\/wp\/v2\/posts"}],"about":[{"href":"https:\/\/tmcomas.com\/en\/wp-json\/wp\/v2\/types\/post"}],"author":[{"embeddable":true,"href":"https:\/\/tmcomas.com\/en\/wp-json\/wp\/v2\/users\/2"}],"replies":[{"embeddable":true,"href":"https:\/\/tmcomas.com\/en\/wp-json\/wp\/v2\/comments?post=11644"}],"version-history":[{"count":0,"href":"https:\/\/tmcomas.com\/en\/wp-json\/wp\/v2\/posts\/11644\/revisions"}],"wp:featuredmedia":[{"embeddable":true,"href":"https:\/\/tmcomas.com\/en\/wp-json\/wp\/v2\/media\/7771"}],"wp:attachment":[{"href":"https:\/\/tmcomas.com\/en\/wp-json\/wp\/v2\/media?parent=11644"}],"wp:term":[{"taxonomy":"category","embeddable":true,"href":"https:\/\/tmcomas.com\/en\/wp-json\/wp\/v2\/categories?post=11644"},{"taxonomy":"post_tag","embeddable":true,"href":"https:\/\/tmcomas.com\/en\/wp-json\/wp\/v2\/tags?post=11644"}],"curies":[{"name":"wp","href":"https:\/\/api.w.org\/{rel}","templated":true}]}}