{"id":11646,"date":"2018-12-21T16:13:35","date_gmt":"2018-12-21T15:13:35","guid":{"rendered":"https:\/\/tmcomas.com\/la-casa-tmcomas-en-la-india-ya-es-una-realidad\/"},"modified":"2020-10-12T12:03:56","modified_gmt":"2020-10-12T10:03:56","slug":"la-casa-tmcomas-en-la-india-ya-es-una-realidad","status":"publish","type":"post","link":"https:\/\/tmcomas.com\/en\/la-casa-tmcomas-en-la-india-ya-es-una-realidad\/","title":{"rendered":"La casa TMCOMAS en la India ya es una realidad"},"content":{"rendered":"<p><a href=\"http:\/\/www.tmcomas.com\/tmcomas-colabora-con-la-fundacion-vicente-ferrer-para-la-construccion-de-una-casa-en-la-india\/\">Las navidades pasadas en <strong>TMCOMAS<\/strong> anunciamos nuestra colaboraci\u00f3n con un <strong>proyecto solidario de la Fundaci\u00f3n Vicente Ferrer<\/strong><\/a> que consist\u00eda en la <strong>construcci\u00f3n de una serie de viviendas<\/strong> destinadas a las familias m\u00e1s desfavorecidas de la regi\u00f3n donde trabaja la Fundaci\u00f3n.<\/p>\n<p><img fetchpriority=\"high\" decoding=\"async\" class=\"aligncenter wp-image-5494 size-large\" src=\"https:\/\/tmcomas.com\/wp-content\/uploads\/cartel-3-1024x613-1.jpg\" alt=\"\" width=\"640\" height=\"383\" \/><br \/>\nEn concreto, desde <strong>TMCOMAS<\/strong> colaboramos aportado la cantidad necesaria para construir una de las <strong>28 viviendas<\/strong> que forman parte de la colonia del pueblo de Devanabanda, situado en la regi\u00f3n de Uravakonda, en el estado de ANDHRA PRADESH, de la India. <strong>Una casa que lleva por nombre TMCOMAS<\/strong>.<\/p>\n<p><img decoding=\"async\" class=\"aligncenter size-full wp-image-5495\" src=\"https:\/\/tmcomas.com\/wp-content\/uploads\/cartel2.jpg\" alt=\"\" width=\"382\" height=\"600\" \/><\/p>\n<p>As\u00ed, y despu\u00e9s de meses de trabajo para construirlas -una construcci\u00f3n en la cual han colaborado muy activamente las comunidades beneficiarias de las viviendas-, <strong>las casas ya est\u00e1n terminadas.<\/strong><\/p>\n<p><img decoding=\"async\" class=\"aligncenter size-full wp-image-5498\" src=\"https:\/\/tmcomas.com\/wp-content\/uploads\/J_7674_V1_PHOTOS_-8.jpg\" alt=\"\" width=\"800\" height=\"535\" \/><\/p>\n<p>Estas casas suponen una <strong>mejora fundamental en la calidad de vida de las familias<\/strong> que las habitar\u00e1n ya que son un resguardo eficaz ante las lluvias monz\u00f3nicas de los meses de junio a octubre, un refugio frente el intenso calor de las \u00e9pocas premonz\u00f3nicas, y una protecci\u00f3n contra las picaduras de animales peligrosos como serpientes y escorpiones.<\/p>\n<p><img loading=\"lazy\" decoding=\"async\" class=\"aligncenter size-full wp-image-5497\" src=\"https:\/\/tmcomas.com\/wp-content\/uploads\/J_7674_V1_PHOTOS_-4.jpg\" alt=\"\" width=\"800\" height=\"481\" \/><\/p>\n<p>Adem\u00e1s, en este proyecto tambi\u00e9n se han construido ba\u00f1os y un espacio destinado al aseo personal, cosa que contribuye\u00a0<strong>notablemente a mejorar la calidad de vida de las personas y del medio ambiente de la zona.<\/strong><\/p>\n<p><img loading=\"lazy\" decoding=\"async\" class=\"aligncenter size-full wp-image-5499\" src=\"https:\/\/tmcomas.com\/wp-content\/uploads\/J_7674_V1_PHOTOS_-12.jpg\" alt=\"\" width=\"800\" height=\"544\" \/><\/p>\n<p>Ahora que el proyecto ya es toda una realidad, desde\u00a0<a href=\"http:\/\/www.tmcomas.com\/\"><strong>TMCOMAS\u00a0<\/strong><\/a>no podemos estar m\u00e1s satisfechos de haber participado en este gran proyecto que no s\u00f3lo mejorar\u00e1 la autoestima de los beneficiarios sino que tambi\u00e9n contribuir\u00e1 a incrementar su sentimiento de pertenencia a la comunidad, su implicaci\u00f3n y su compromiso en la aldea,\u00a0<strong>mejorando tanto su calidad de vida como la del resto del pueblo.<\/strong><\/p>\n<p><img loading=\"lazy\" decoding=\"async\" class=\"aligncenter size-full wp-image-5500\" src=\"https:\/\/tmcomas.com\/wp-content\/uploads\/J_7674_V1_PHOTOS_-9.jpg\" alt=\"\" width=\"800\" height=\"600\" \/><br \/>\n<img loading=\"lazy\" decoding=\"async\" class=\"aligncenter wp-image-5501 size-full\" src=\"https:\/\/tmcomas.com\/wp-content\/uploads\/Plan_ReviewMeeting_-3.jpg\" alt=\"\" width=\"1134\" height=\"812\" \/><\/p>\n<p>&nbsp;<\/p>\n<p>Para descubrir m\u00e1s sobre el proyecto:<\/p>\n<p><iframe title=\"REPRESENTANTES  2018 - FUNDACI\u00d3N VICENTE FERRER\" src=\"https:\/\/player.vimeo.com\/video\/306143795?h=5ead9860f3&amp;dnt=1&amp;app_id=122963\" width=\"500\" height=\"281\" frameborder=\"0\" allow=\"autoplay; fullscreen; picture-in-picture; clipboard-write; encrypted-media; web-share\" referrerpolicy=\"strict-origin-when-cross-origin\"><\/iframe><\/p>\n","protected":false},"excerpt":{"rendered":"<p>Las navidades pasadas en TMCOMAS anunciamos nuestra colaboraci\u00f3n con un proyecto solidario de la Fundaci\u00f3n Vicente Ferrer que consist\u00eda en la construcci\u00f3n de una serie de viviendas destinadas a las familias m\u00e1s desfavorecidas de la regi\u00f3n donde trabaja la Fundaci\u00f3n. En concreto, desde TMCOMAS colaboramos aportado la cantidad necesaria para construir una de las 28 [&hellip;]<\/p>\n","protected":false},"author":2,"featured_media":7774,"comment_status":"closed","ping_status":"closed","sticky":false,"template":"","format":"standard","meta":{"site-sidebar-layout":"default","site-content-layout":"default","ast-site-content-layout":"default","site-content-style":"default","site-sidebar-style":"default","ast-global-header-display":"","ast-banner-title-visibility":"","ast-main-header-display":"","ast-hfb-above-header-display":"","ast-hfb-below-header-display":"","ast-hfb-mobile-header-display":"","site-post-title":"","ast-breadcrumbs-content":"","ast-featured-img":"","footer-sml-layout":"","theme-transparent-header-meta":"default","adv-header-id-meta":"","stick-header-meta":"","header-above-stick-meta":"","header-main-stick-meta":"","header-below-stick-meta":"","astra-migrate-meta-layouts":"default","ast-page-background-enabled":"default","ast-page-background-meta":{"desktop":{"background-color":"","background-image":"","background-repeat":"repeat","background-position":"center center","background-size":"auto","background-attachment":"scroll","background-type":"","background-media":"","overlay-type":"","overlay-color":"","overlay-opacity":"","overlay-gradient":""},"tablet":{"background-color":"","background-image":"","background-repeat":"repeat","background-position":"center center","background-size":"auto","background-attachment":"scroll","background-type":"","background-media":"","overlay-type":"","overlay-color":"","overlay-opacity":"","overlay-gradient":""},"mobile":{"background-color":"","background-image":"","background-repeat":"repeat","background-position":"center center","background-size":"auto","background-attachment":"scroll","background-type":"","background-media":"","overlay-type":"","overlay-color":"","overlay-opacity":"","overlay-gradient":""}},"ast-content-background-meta":{"desktop":{"background-color":"var(--ast-global-color-5)","background-image":"","background-repeat":"repeat","background-position":"center center","background-size":"auto","background-attachment":"scroll","background-type":"","background-media":"","overlay-type":"","overlay-color":"","overlay-opacity":"","overlay-gradient":""},"tablet":{"background-color":"var(--ast-global-color-5)","background-image":"","background-repeat":"repeat","background-position":"center center","background-size":"auto","background-attachment":"scroll","background-type":"","background-media":"","overlay-type":"","overlay-color":"","overlay-opacity":"","overlay-gradient":""},"mobile":{"background-color":"var(--ast-global-color-5)","background-image":"","background-repeat":"repeat","background-position":"center center","background-size":"auto","background-attachment":"scroll","background-type":"","background-media":"","overlay-type":"","overlay-color":"","overlay-opacity":"","overlay-gradient":""}},"_joinchat":[],"footnotes":""},"categories":[789],"tags":[1377,1378,1379],"class_list":["post-11646","post","type-post","status-publish","format-standard","has-post-thumbnail","hentry","category-news","tag-en-el-estado-de-andhra-pradesh-en","tag-pueblo-de-devanabanda-en","tag-situado-en-la-region-de-uravakonda-en"],"_links":{"self":[{"href":"https:\/\/tmcomas.com\/en\/wp-json\/wp\/v2\/posts\/11646","targetHints":{"allow":["GET"]}}],"collection":[{"href":"https:\/\/tmcomas.com\/en\/wp-json\/wp\/v2\/posts"}],"about":[{"href":"https:\/\/tmcomas.com\/en\/wp-json\/wp\/v2\/types\/post"}],"author":[{"embeddable":true,"href":"https:\/\/tmcomas.com\/en\/wp-json\/wp\/v2\/users\/2"}],"replies":[{"embeddable":true,"href":"https:\/\/tmcomas.com\/en\/wp-json\/wp\/v2\/comments?post=11646"}],"version-history":[{"count":0,"href":"https:\/\/tmcomas.com\/en\/wp-json\/wp\/v2\/posts\/11646\/revisions"}],"wp:featuredmedia":[{"embeddable":true,"href":"https:\/\/tmcomas.com\/en\/wp-json\/wp\/v2\/media\/7774"}],"wp:attachment":[{"href":"https:\/\/tmcomas.com\/en\/wp-json\/wp\/v2\/media?parent=11646"}],"wp:term":[{"taxonomy":"category","embeddable":true,"href":"https:\/\/tmcomas.com\/en\/wp-json\/wp\/v2\/categories?post=11646"},{"taxonomy":"post_tag","embeddable":true,"href":"https:\/\/tmcomas.com\/en\/wp-json\/wp\/v2\/tags?post=11646"}],"curies":[{"name":"wp","href":"https:\/\/api.w.org\/{rel}","templated":true}]}}