{"id":11695,"date":"2018-01-26T15:23:05","date_gmt":"2018-01-26T14:23:05","guid":{"rendered":"https:\/\/tmcomas.com\/celebramos-los-100-anos-del-nacimiento-de-francisco-comas-antonijuan-fundador-de-tmcomas\/"},"modified":"2020-10-12T13:18:53","modified_gmt":"2020-10-12T11:18:53","slug":"celebramos-los-100-anos-del-nacimiento-de-francisco-comas-antonijuan-fundador-de-tmcomas","status":"publish","type":"post","link":"https:\/\/tmcomas.com\/en\/celebramos-los-100-anos-del-nacimiento-de-francisco-comas-antonijuan-fundador-de-tmcomas\/","title":{"rendered":"Celebramos los 100 a\u00f1os del nacimiento de Francisco Comas Antonijuan, fundador de TMCOMAS"},"content":{"rendered":"<p>Durante este mes de enero, en <strong><a href=\"http:\/\/www.tmcomas.com\" target=\"_blank\" rel=\"noopener noreferrer\">TMCOMAS<\/a><\/strong> estamos de celebraci\u00f3n. El pasado 17 de enero, el fundador de la empresa, <strong>Francisco Comas Antonijuan<\/strong>, hubiera cumplido<strong> 100 a\u00f1os.<\/strong> Con \u00e9l, y hace m\u00e1s de 60 a\u00f1os, empez\u00f3 <strong>Talleres Mec\u00e1nicos Comas<\/strong> -la actual <strong><a href=\"http:\/\/www.tmcomas.com\" target=\"_blank\" rel=\"noopener noreferrer\">TMCOMAS<\/a><\/strong>&#8211; como empresa de car\u00e1cter familiar dedicada a la ejecuci\u00f3n de trabajos especiales y de mantenimiento dentro del sector de la mec\u00e1nica de precisi\u00f3n.<\/p>\n<p>&nbsp;<\/p>\n<div id='gallery-1' class='gallery galleryid-11695 gallery-columns-2 gallery-size-full'><figure class='gallery-item'>\n\t\t\t<div class='gallery-icon landscape'>\n\t\t\t\t<a href='https:\/\/tmcomas.com\/en\/celebramos-los-100-anos-del-nacimiento-de-francisco-comas-antonijuan-fundador-de-tmcomas\/foto1-2\/'><img fetchpriority=\"high\" decoding=\"async\" width=\"862\" height=\"578\" src=\"https:\/\/tmcomas.com\/wp-content\/uploads\/Foto1-1.jpg\" class=\"attachment-full size-full\" alt=\"\" aria-describedby=\"gallery-1-8573\" srcset=\"https:\/\/tmcomas.com\/wp-content\/uploads\/Foto1-1.jpg 862w, https:\/\/tmcomas.com\/wp-content\/uploads\/Foto1-1-300x201.jpg 300w, https:\/\/tmcomas.com\/wp-content\/uploads\/Foto1-1-768x515.jpg 768w\" sizes=\"(max-width: 862px) 100vw, 862px\" \/><\/a>\n\t\t\t<\/div>\n\t\t\t\t<figcaption class='wp-caption-text gallery-caption' id='gallery-1-8573'>\n\t\t\t\tFoto: Francisco Comas en los inicios de Talleres Mec\u00e1nicos Comas\n\t\t\t\t<\/figcaption><\/figure><figure class='gallery-item'>\n\t\t\t<div class='gallery-icon landscape'>\n\t\t\t\t<a href='https:\/\/tmcomas.com\/en\/celebramos-los-100-anos-del-nacimiento-de-francisco-comas-antonijuan-fundador-de-tmcomas\/antiga-11-2\/'><img decoding=\"async\" width=\"1621\" height=\"1147\" src=\"https:\/\/tmcomas.com\/wp-content\/uploads\/antiga-11.jpg\" class=\"attachment-full size-full\" alt=\"\" aria-describedby=\"gallery-1-8570\" srcset=\"https:\/\/tmcomas.com\/wp-content\/uploads\/antiga-11.jpg 1621w, https:\/\/tmcomas.com\/wp-content\/uploads\/antiga-11-300x212.jpg 300w, https:\/\/tmcomas.com\/wp-content\/uploads\/antiga-11-1024x725.jpg 1024w, https:\/\/tmcomas.com\/wp-content\/uploads\/antiga-11-768x543.jpg 768w, https:\/\/tmcomas.com\/wp-content\/uploads\/antiga-11-1536x1087.jpg 1536w\" sizes=\"(max-width: 1621px) 100vw, 1621px\" \/><\/a>\n\t\t\t<\/div>\n\t\t\t\t<figcaption class='wp-caption-text gallery-caption' id='gallery-1-8570'>\n\t\t\t\tFoto: El equipo de trabajadores de Talleres Mec\u00e1nicos Comas\n\t\t\t\t<\/figcaption><\/figure>\n\t\t<\/div>\n\n<p>&nbsp;<\/p>\n<p>Con los a\u00f1os, y gracias a nuestra apuesta continua por la innovaci\u00f3n y el desarrollo tecnol\u00f3gico, <strong><a href=\"http:\/\/www.tmcomas.com\" target=\"_blank\" rel=\"noopener noreferrer\">TMCOMAS<\/a><\/strong> fue creciendo hasta convertirse en lo que es actualmente: todo un referente, no s\u00f3lo a nivel espa\u00f1ol sino tambi\u00e9n a nivel europeo, en el sector de la ingenier\u00eda mec\u00e1nica y de superficies gracias a su amplio bagaje en el campo de la <a href=\"http:\/\/www.tmcomas.com\/mecanica-de-precision\/\" target=\"_blank\" rel=\"noopener noreferrer\">mec\u00e1nica de precisi\u00f3n<\/a>, los <a href=\"http:\/\/www.tmcomas.com\/cojinetes-antifriccion\/\" target=\"_blank\" rel=\"noopener noreferrer\">cojinetes antifricci\u00f3n<\/a>, el <a href=\"http:\/\/www.tmcomas.com\/laser-cladding\/\" target=\"_blank\" rel=\"noopener noreferrer\"><strong><em>Laser Cladding<\/em><\/strong><\/a>, la <a href=\"http:\/\/www.tmcomas.com\/proyeccion-termica\/\" target=\"_blank\" rel=\"noopener noreferrer\"><strong><em>proyecci\u00f3n t\u00e9rmica<\/em><\/strong><\/a>, la <a href=\"http:\/\/www.tmcomas.com\/ingenieria-inversa\/\" target=\"_blank\" rel=\"noopener noreferrer\">ingenier\u00eda inversa<\/a>, las <a href=\"http:\/\/www.tmcomas.com\/soldaduras-especiales\/\" target=\"_blank\" rel=\"noopener noreferrer\">soldaduras especiales<\/a> y la <a href=\"http:\/\/www.tmcomas.com\/reparacion-de-equipos-dinamicos\/\" target=\"_blank\" rel=\"noopener noreferrer\">reparaci\u00f3n de equipos din\u00e1micos<\/a>.<\/p>\n<p><strong>Un hombre con car\u00e1cter emprendedor<\/strong><\/p>\n<p><strong>Francisco Comas Antonijuan<\/strong> naci\u00f3 en Blanes y estudi\u00f3 maestr\u00eda mec\u00e1nica en los Salesianos de Barcelona. Sus inicios profesionales se desarrollaron en un taller de construcci\u00f3n de aviones en Reus, hasta que tuvo que marcharse a la Guerra Civil, donde trabaj\u00f3 como maestro armero. Una vez terminada la Guerra, trabaj\u00f3 como oficial en un taller mec\u00e1nico y en <strong>1952, abri\u00f3 <a href=\"http:\/\/www.tmcomas.com\/tmcomas\/\" target=\"_blank\" rel=\"noopener noreferrer\">Talleres Mec\u00e1nicos Comas<\/a>,<\/strong> una empresa dedicada a la ejecuci\u00f3n de trabajos especiales y de mantenimiento dentro del sector de la mec\u00e1nica de precisi\u00f3n.<\/p>\n<figure id=\"attachment_5187\" aria-describedby=\"caption-attachment-5187\" style=\"width: 495px\" class=\"wp-caption aligncenter\"><a href=\"https:\/\/tmcomas.com\/wp-content\/uploads\/1era-i-2na-generacio.jpg\"><img decoding=\"async\" class=\"wp-image-5187 size-full\" src=\"https:\/\/tmcomas.com\/wp-content\/uploads\/1era-i-2na-generacio.jpg\" alt=\"Foto: Francisco Comas con sus hijos, \u00c0ngel y Lloren\u00e7 y su sobrina, Helena.\" width=\"495\" height=\"632\" \/><\/a><figcaption id=\"caption-attachment-5187\" class=\"wp-caption-text\">Foto: Francisco Comas con sus hijos, \u00c0ngel y Lloren\u00e7 y su sobrina, Helena.<\/figcaption><\/figure>\n<p>&nbsp;<\/p>\n<p>Durante su larga trayectoria profesional, Francisco Comas apost\u00f3 por la innovaci\u00f3n tecnol\u00f3gica y fue pionero en Espa\u00f1a en el campo de la ingenier\u00eda mec\u00e1nica y de superficies, instalando el <a href=\"http:\/\/www.tmcomas.com\/proyeccion-termica\/\" target=\"_blank\" rel=\"noopener noreferrer\">primer equipo de <strong>Plasma No Transferido (APS)<\/strong><\/a> en territorio espa\u00f1ol.<\/p>\n<p>&nbsp;<\/p>\n<figure id=\"attachment_5188\" aria-describedby=\"caption-attachment-5188\" style=\"width: 640px\" class=\"wp-caption aligncenter\"><a href=\"https:\/\/tmcomas.com\/wp-content\/uploads\/news7-2.jpg\"><img loading=\"lazy\" decoding=\"async\" class=\"wp-image-5188 size-large\" src=\"https:\/\/tmcomas.com\/wp-content\/uploads\/news7-2.jpg\" alt=\"news7\" width=\"640\" height=\"490\" \/><\/a><figcaption id=\"caption-attachment-5188\" class=\"wp-caption-text\"><strong>Foto:<\/strong> Francisco Comas acompa\u00f1ado de su hijo, Lloren\u00e7 Comas, recoge la distinci\u00f3n por los 50 a\u00f1os de actividad otorgado por la C\u00e1mara de Comercio de Girona.<\/figcaption><\/figure>\n<p>&nbsp;<\/p>\n<p>Casado con Maria Puig, tuvo tres hijos: \u00c1ngel, Lloren\u00e7 y Francisco, de los cuales los dos mayores, siguieron con el negocio familiar impuls\u00e1ndolo a nivel internacional. Actualmente, su segundo hijo, <a href=\"http:\/\/www.tmcomas.com\/equipo-humano\/\" target=\"_blank\" rel=\"noopener noreferrer\"><strong>Lloren\u00e7 Comas Puig<\/strong>, ejerce como Gerente de <strong>TMCOMAS<\/strong> y cuenta con sus hijos, <strong>Georgina Comas Vieta y Lloren\u00e7 Comas Vieta<\/strong>, como Adjuntos a Gerencia<\/a>.<\/p>\n<p>&nbsp;<\/p>\n<figure id=\"attachment_5180\" aria-describedby=\"caption-attachment-5180\" style=\"width: 640px\" class=\"wp-caption aligncenter\"><a href=\"https:\/\/tmcomas.com\/wp-content\/uploads\/D2.jpg\"><img loading=\"lazy\" decoding=\"async\" class=\"wp-image-5180 size-large\" src=\"https:\/\/tmcomas.com\/wp-content\/uploads\/D2.jpg\" alt=\"Familia Comas\" width=\"640\" height=\"444\" \/><\/a><figcaption id=\"caption-attachment-5180\" class=\"wp-caption-text\"><strong>Foto:<\/strong> Lloren\u00e7 Comas Puig, Gerente de <strong>TMCOMAS<\/strong> y sus hijos, Georgina Comas Vieta y Lloren\u00e7 Comas Vieta, Adjuntos a Gerencia, delante de un retrato de Francisco Comas Antonijuan.<\/figcaption><\/figure>\n<p>&nbsp;<\/p>\n<p><strong>Francisco Comas Antonijuan<\/strong> muri\u00f3 en Diciembre de 2005, a la edad de 82 a\u00f1os, en Blanes.<\/p>\n","protected":false},"excerpt":{"rendered":"<p>Durante este mes de enero, en TMCOMAS estamos de celebraci\u00f3n. El pasado 17 de enero, el fundador de la empresa, Francisco Comas Antonijuan, hubiera cumplido 100 a\u00f1os. Con \u00e9l, y hace m\u00e1s de 60 a\u00f1os, empez\u00f3 Talleres Mec\u00e1nicos Comas -la actual TMCOMAS&#8211; como empresa de car\u00e1cter familiar dedicada a la ejecuci\u00f3n de trabajos especiales y [&hellip;]<\/p>\n","protected":false},"author":2,"featured_media":7823,"comment_status":"closed","ping_status":"closed","sticky":false,"template":"","format":"standard","meta":{"site-sidebar-layout":"default","site-content-layout":"default","ast-site-content-layout":"default","site-content-style":"default","site-sidebar-style":"default","ast-global-header-display":"","ast-banner-title-visibility":"","ast-main-header-display":"","ast-hfb-above-header-display":"","ast-hfb-below-header-display":"","ast-hfb-mobile-header-display":"","site-post-title":"","ast-breadcrumbs-content":"","ast-featured-img":"","footer-sml-layout":"","theme-transparent-header-meta":"default","adv-header-id-meta":"","stick-header-meta":"","header-above-stick-meta":"","header-main-stick-meta":"","header-below-stick-meta":"","astra-migrate-meta-layouts":"default","ast-page-background-enabled":"default","ast-page-background-meta":{"desktop":{"background-color":"","background-image":"","background-repeat":"repeat","background-position":"center center","background-size":"auto","background-attachment":"scroll","background-type":"","background-media":"","overlay-type":"","overlay-color":"","overlay-opacity":"","overlay-gradient":""},"tablet":{"background-color":"","background-image":"","background-repeat":"repeat","background-position":"center center","background-size":"auto","background-attachment":"scroll","background-type":"","background-media":"","overlay-type":"","overlay-color":"","overlay-opacity":"","overlay-gradient":""},"mobile":{"background-color":"","background-image":"","background-repeat":"repeat","background-position":"center center","background-size":"auto","background-attachment":"scroll","background-type":"","background-media":"","overlay-type":"","overlay-color":"","overlay-opacity":"","overlay-gradient":""}},"ast-content-background-meta":{"desktop":{"background-color":"var(--ast-global-color-5)","background-image":"","background-repeat":"repeat","background-position":"center center","background-size":"auto","background-attachment":"scroll","background-type":"","background-media":"","overlay-type":"","overlay-color":"","overlay-opacity":"","overlay-gradient":""},"tablet":{"background-color":"var(--ast-global-color-5)","background-image":"","background-repeat":"repeat","background-position":"center center","background-size":"auto","background-attachment":"scroll","background-type":"","background-media":"","overlay-type":"","overlay-color":"","overlay-opacity":"","overlay-gradient":""},"mobile":{"background-color":"var(--ast-global-color-5)","background-image":"","background-repeat":"repeat","background-position":"center center","background-size":"auto","background-attachment":"scroll","background-type":"","background-media":"","overlay-type":"","overlay-color":"","overlay-opacity":"","overlay-gradient":""}},"_joinchat":[],"footnotes":""},"categories":[789],"tags":[805,1429,1341,836,883,965,808,909,910,809,811,958,814,1057,796],"class_list":["post-11695","post","type-post","status-publish","format-standard","has-post-thumbnail","hentry","category-news","tag-cojinetes-antifriccion-en-2","tag-francisco-comas-antonijuan-en","tag-georgina-comas-vieta-en","tag-ingenieria-de-superficies-fr-en","tag-ingenieria-inversa-en-2","tag-ingenieria-mecanica-en-2","tag-laser-cladding-en-2","tag-llorenc-comas-puig-en-2","tag-llorenc-comas-vieta-en-2","tag-mecanica-de-precision-en-2","tag-proyeccion-termica-en-2","tag-reparacion-de-equipos-dinamicos-en-2","tag-soldaduras-especiales-en-2","tag-talleres-mecanicos-comas-en","tag-tmcomas-en-2"],"_links":{"self":[{"href":"https:\/\/tmcomas.com\/en\/wp-json\/wp\/v2\/posts\/11695","targetHints":{"allow":["GET"]}}],"collection":[{"href":"https:\/\/tmcomas.com\/en\/wp-json\/wp\/v2\/posts"}],"about":[{"href":"https:\/\/tmcomas.com\/en\/wp-json\/wp\/v2\/types\/post"}],"author":[{"embeddable":true,"href":"https:\/\/tmcomas.com\/en\/wp-json\/wp\/v2\/users\/2"}],"replies":[{"embeddable":true,"href":"https:\/\/tmcomas.com\/en\/wp-json\/wp\/v2\/comments?post=11695"}],"version-history":[{"count":0,"href":"https:\/\/tmcomas.com\/en\/wp-json\/wp\/v2\/posts\/11695\/revisions"}],"wp:featuredmedia":[{"embeddable":true,"href":"https:\/\/tmcomas.com\/en\/wp-json\/wp\/v2\/media\/7823"}],"wp:attachment":[{"href":"https:\/\/tmcomas.com\/en\/wp-json\/wp\/v2\/media?parent=11695"}],"wp:term":[{"taxonomy":"category","embeddable":true,"href":"https:\/\/tmcomas.com\/en\/wp-json\/wp\/v2\/categories?post=11695"},{"taxonomy":"post_tag","embeddable":true,"href":"https:\/\/tmcomas.com\/en\/wp-json\/wp\/v2\/tags?post=11695"}],"curies":[{"name":"wp","href":"https:\/\/api.w.org\/{rel}","templated":true}]}}