{"id":11823,"date":"2017-05-17T09:41:15","date_gmt":"2017-05-17T07:41:15","guid":{"rendered":"https:\/\/tmcomas.com\/el-tmcomas-team-en-la-ultra-trail-estels-del-sud\/"},"modified":"2020-10-13T11:31:40","modified_gmt":"2020-10-13T09:31:40","slug":"el-tmcomas-team-en-la-ultra-trail-estels-del-sud","status":"publish","type":"post","link":"https:\/\/tmcomas.com\/en\/el-tmcomas-team-en-la-ultra-trail-estels-del-sud\/","title":{"rendered":"El TMCOMAS Team en la Ultra Trail Estels del Sud"},"content":{"rendered":"<p>El equipo de deportistas\u00a0patrocinado por\u00a0<strong><a href=\"http:\/\/www.tmcomas.com\" target=\"_blank\" rel=\"noopener noreferrer\">TMCOMAS<\/a><\/strong> ha vuelto a completar una nueva carrera con \u00e9xito. En esta ocasi\u00f3n, el <strong>TMCOMAS Team<\/strong> ha participado en la <strong><a href=\"http:\/\/ultraestelsdelsud.com\/\" target=\"_blank\" rel=\"noopener noreferrer\">Ultra Trail Estels del Sud<\/a><\/strong>, celebrada durante el primer fin de semana de mayo.<\/p>\n<p>El grupo, liderado por <strong>Lloren\u00e7 Comas Vieta, adjunto a Gerencia de <a href=\"http:\/\/www.tmcomas.com\" target=\"_blank\" rel=\"noopener noreferrer\">TMCOMAS<\/a><\/strong>,\u00a0ha completado la <strong><a href=\"http:\/\/ultraestelsdelsud.com\/mitja-marato-de-muntanya\/\" target=\"_blank\" rel=\"noopener noreferrer\">media marat\u00f3n de monta\u00f1a<\/a><\/strong> que recorre la zona sur de Tarragona y que cuenta con m\u00e1s de 1.000 km de desnivel positivo.<\/p>\n<p>&nbsp;<\/p>\n<figure id=\"attachment_4540\" aria-describedby=\"caption-attachment-4540\" style=\"width: 622px\" class=\"wp-caption aligncenter\"><a href=\"https:\/\/tmcomas.com\/wp-content\/uploads\/per-noti-1.jpg\"><img fetchpriority=\"high\" decoding=\"async\" class=\"wp-image-4540 size-full\" src=\"https:\/\/tmcomas.com\/wp-content\/uploads\/per-noti-1.jpg\" alt=\"TMCOMAS Team\" width=\"622\" height=\"394\" \/><\/a><figcaption id=\"caption-attachment-4540\" class=\"wp-caption-text\"><strong>Representantes de TMCOMAS Team a la llegada a meta.<\/strong><\/figcaption><\/figure>\n<p>&nbsp;<\/p>\n<p>Durante los casi 22km de carrera, el <strong>TMCOMAS Team<\/strong> ha superado todos los obst\u00e1culos del\u00a0recorrido que ha pasado por el r\u00edo de las Valls, el Toll del vidre, el Penyagalera, el r\u00edo Ulldem\u00f2 y Beseit, hasta alcanzar la meta en la Plaza del Ayuntamiento.<\/p>\n<p>Un \u00e9xito m\u00e1s que se suma a los ya alcanzados desde la <strong><a href=\"http:\/\/www.tmcomas.com\/tmcomas-apuesta-por-el-deporte\/\" target=\"_blank\" rel=\"noopener noreferrer\">creaci\u00f3n del equipo<\/a>\u00a0&#8211; hace ya unos meses &#8211;<\/strong>, y que seguro que no ser\u00e1 el \u00faltimo.<\/p>\n<p>\u00a1Felicidades <strong>TMCOMAS Team <\/strong>y a seguir en forma!<\/p>\n","protected":false},"excerpt":{"rendered":"<p>El equipo de deportistas\u00a0patrocinado por\u00a0TMCOMAS ha vuelto a completar una nueva carrera con \u00e9xito. En esta ocasi\u00f3n, el TMCOMAS Team ha participado en la Ultra Trail Estels del Sud, celebrada durante el primer fin de semana de mayo. El grupo, liderado por Lloren\u00e7 Comas Vieta, adjunto a Gerencia de TMCOMAS,\u00a0ha completado la media marat\u00f3n de [&hellip;]<\/p>\n","protected":false},"author":2,"featured_media":7875,"comment_status":"closed","ping_status":"closed","sticky":false,"template":"","format":"standard","meta":{"site-sidebar-layout":"default","site-content-layout":"default","ast-site-content-layout":"default","site-content-style":"default","site-sidebar-style":"default","ast-global-header-display":"","ast-banner-title-visibility":"","ast-main-header-display":"","ast-hfb-above-header-display":"","ast-hfb-below-header-display":"","ast-hfb-mobile-header-display":"","site-post-title":"","ast-breadcrumbs-content":"","ast-featured-img":"","footer-sml-layout":"","theme-transparent-header-meta":"default","adv-header-id-meta":"","stick-header-meta":"","header-above-stick-meta":"","header-main-stick-meta":"","header-below-stick-meta":"","astra-migrate-meta-layouts":"default","ast-page-background-enabled":"default","ast-page-background-meta":{"desktop":{"background-color":"","background-image":"","background-repeat":"repeat","background-position":"center center","background-size":"auto","background-attachment":"scroll","background-type":"","background-media":"","overlay-type":"","overlay-color":"","overlay-opacity":"","overlay-gradient":""},"tablet":{"background-color":"","background-image":"","background-repeat":"repeat","background-position":"center center","background-size":"auto","background-attachment":"scroll","background-type":"","background-media":"","overlay-type":"","overlay-color":"","overlay-opacity":"","overlay-gradient":""},"mobile":{"background-color":"","background-image":"","background-repeat":"repeat","background-position":"center center","background-size":"auto","background-attachment":"scroll","background-type":"","background-media":"","overlay-type":"","overlay-color":"","overlay-opacity":"","overlay-gradient":""}},"ast-content-background-meta":{"desktop":{"background-color":"var(--ast-global-color-5)","background-image":"","background-repeat":"repeat","background-position":"center center","background-size":"auto","background-attachment":"scroll","background-type":"","background-media":"","overlay-type":"","overlay-color":"","overlay-opacity":"","overlay-gradient":""},"tablet":{"background-color":"var(--ast-global-color-5)","background-image":"","background-repeat":"repeat","background-position":"center center","background-size":"auto","background-attachment":"scroll","background-type":"","background-media":"","overlay-type":"","overlay-color":"","overlay-opacity":"","overlay-gradient":""},"mobile":{"background-color":"var(--ast-global-color-5)","background-image":"","background-repeat":"repeat","background-position":"center center","background-size":"auto","background-attachment":"scroll","background-type":"","background-media":"","overlay-type":"","overlay-color":"","overlay-opacity":"","overlay-gradient":""}},"_joinchat":[],"footnotes":""},"categories":[789],"tags":[1569,910,1570,1571,796,1550,1572,1573,1574],"class_list":["post-11823","post","type-post","status-publish","format-standard","has-post-thumbnail","hentry","category-news","tag-beseit-en","tag-llorenc-comas-vieta-en-2","tag-penyagalera-en","tag-tarragona-en","tag-tmcomas-en-2","tag-tmcomas-team-en","tag-toll-del-vidre-en","tag-ulldemo-en","tag-ultra-trail-estels-del-sud-en"],"_links":{"self":[{"href":"https:\/\/tmcomas.com\/en\/wp-json\/wp\/v2\/posts\/11823","targetHints":{"allow":["GET"]}}],"collection":[{"href":"https:\/\/tmcomas.com\/en\/wp-json\/wp\/v2\/posts"}],"about":[{"href":"https:\/\/tmcomas.com\/en\/wp-json\/wp\/v2\/types\/post"}],"author":[{"embeddable":true,"href":"https:\/\/tmcomas.com\/en\/wp-json\/wp\/v2\/users\/2"}],"replies":[{"embeddable":true,"href":"https:\/\/tmcomas.com\/en\/wp-json\/wp\/v2\/comments?post=11823"}],"version-history":[{"count":0,"href":"https:\/\/tmcomas.com\/en\/wp-json\/wp\/v2\/posts\/11823\/revisions"}],"wp:featuredmedia":[{"embeddable":true,"href":"https:\/\/tmcomas.com\/en\/wp-json\/wp\/v2\/media\/7875"}],"wp:attachment":[{"href":"https:\/\/tmcomas.com\/en\/wp-json\/wp\/v2\/media?parent=11823"}],"wp:term":[{"taxonomy":"category","embeddable":true,"href":"https:\/\/tmcomas.com\/en\/wp-json\/wp\/v2\/categories?post=11823"},{"taxonomy":"post_tag","embeddable":true,"href":"https:\/\/tmcomas.com\/en\/wp-json\/wp\/v2\/tags?post=11823"}],"curies":[{"name":"wp","href":"https:\/\/api.w.org\/{rel}","templated":true}]}}