{"id":11894,"date":"2016-06-03T10:52:15","date_gmt":"2016-06-03T08:52:15","guid":{"rendered":"https:\/\/tmcomas.com\/participacion-de-tmcomas-en-la-oil-gas-conference-de-bilbao\/"},"modified":"2020-10-13T11:45:11","modified_gmt":"2020-10-13T09:45:11","slug":"participacion-de-tmcomas-en-la-oil-gas-conference-de-bilbao","status":"publish","type":"post","link":"https:\/\/tmcomas.com\/en\/participacion-de-tmcomas-en-la-oil-gas-conference-de-bilbao\/","title":{"rendered":"Participaci\u00f3n de TMCOMAS en la Oil &#038; Gas Conference de Bilbao"},"content":{"rendered":"<p>Los pasados 31 de mayo y 1 de junio, el Gerente de <strong><a href=\"http:\/\/www.tmcomas.com\/\" target=\"_blank\" rel=\"noopener noreferrer\">TMCOMAS<\/a><\/strong>, Lloren\u00e7 Comas, ha estado presente en la <strong><a href=\"http:\/\/bilbaoexhibitioncentre.com\/eventos\/oil-gas-conference-by-pumps-valves\/#.V1FHNPmLSUk\" target=\"_blank\" rel=\"noopener noreferrer\">Oil &amp; Gas Conference de Bilbao<\/a><\/strong> que se ha celebrado en el marco de la <a href=\"http:\/\/bilbaoexhibitioncentre.com\/eventos\/oil-gas-conference-by-pumps-valves\/#.V1FHNPmLSUk\" target=\"_blank\" rel=\"noopener noreferrer\"><strong>feria BIEMH<\/strong><\/a>.<\/p>\n<figure id=\"attachment_3779\" aria-describedby=\"caption-attachment-3779\" style=\"width: 768px\" class=\"wp-caption aligncenter\"><a href=\"https:\/\/tmcomas.com\/wp-content\/uploads\/IMG_5519.jpg\"><img decoding=\"async\" class=\"size-medium wp-image-3779\" src=\"https:\/\/tmcomas.com\/wp-content\/uploads\/IMG_5519.jpg\" alt=\"stand TMCOMAS\" width=\"768\" height=\"auto\" \/><\/a><figcaption id=\"caption-attachment-3779\" class=\"wp-caption-text\">Lloren\u00e7 Comas, Gerente de TMCOMAS, en el stand.<\/figcaption><\/figure>\n<p>Durante estos dos d\u00edas de feria, el m\u00e1ximo responsable de <strong>TMCOMAS<\/strong> ha aprovechado la ocasi\u00f3n para <strong>presentar nuestras principales novedades<\/strong> en todos los servicios que ofrecemos en <a href=\"http:\/\/www.tmcomas.com\/mecanica-de-precision\/\" target=\"_blank\" rel=\"noopener noreferrer\">mec\u00e1nica de precisi\u00f3n<\/a>, <a href=\"http:\/\/www.tmcomas.com\/reparacion-de-equipos-dinamicos\/\" target=\"_blank\" rel=\"noopener noreferrer\">reparaci\u00f3n de equipos din\u00e1micos<\/a>, <a href=\"http:\/\/www.tmcomas.com\/proyeccion-termica\/\" target=\"_blank\" rel=\"noopener noreferrer\">proyecci\u00f3n t\u00e9rmica<\/a>, <a href=\"http:\/\/www.tmcomas.com\/laser-cladding\/\" target=\"_blank\" rel=\"noopener noreferrer\"><em>laser cladding<\/em><\/a>, <a href=\"http:\/\/www.tmcomas.com\/cojinetes-antifriccion\/\" target=\"_blank\" rel=\"noopener noreferrer\">cojinetes antifricci\u00f3n<\/a>, <a href=\"http:\/\/www.tmcomas.com\/soldaduras-especiales\/\" target=\"_blank\" rel=\"noopener noreferrer\">soldaduras especiales<\/a>, <a href=\"http:\/\/www.tmcomas.com\/ingenieria-inversa\/\" target=\"_blank\" rel=\"noopener noreferrer\">ingenier\u00eda inversa<\/a>.<\/p>\n<p>La <strong>Oil &amp; Gas Conference<\/strong>, que re\u00fane a los profesionales m\u00e1s destacados de la ingenier\u00eda mec\u00e1nica e industrial, ha contado con un espacio destinado a realizar conferencias dirigidas por especialistas del sector, as\u00ed como con un \u00e1rea dedicada \u00edntegramente a los expositores y a sus productos y servicios.<\/p>\n<p>Esta muestra ha servido para tomar el relevo a la <a href=\"http:\/\/pumpsandvalves.bilbaoexhibitioncentre.com\/\" target=\"_blank\" rel=\"noopener noreferrer\"><strong>Pumps &amp; Valves que se celebr\u00f3 por primera vez en 2015<\/strong> <\/a>y que sucedi\u00f3 a otras convocatorias de esta especialidad en Rotterdam, Zurich o Amberes.<\/p>\n<p>Coincidiendo con este evento, que ha tenido lugar en el <a href=\"http:\/\/bilbaoexhibitioncentre.com\/\" target=\"_blank\" rel=\"noopener noreferrer\">Bilbao Exhibition Centre<\/a>, tambi\u00e9n se han celebrado el <a href=\"http:\/\/bilbaoexhibitioncentre.com\/\" target=\"_blank\" rel=\"noopener noreferrer\">WORKINN<\/a> (el primer Foro de Empleo y Formaci\u00f3n dirigido al colectivo de j\u00f3venes) y la muestra <a href=\"http:\/\/addit3d.bilbaoexhibitioncentre.com\/\" target=\"_blank\" rel=\"noopener noreferrer\">ADDIT3D<\/a> (primera Feria Profesional de Fabricaci\u00f3n Aditiva y 3D del Estado).<\/p>\n","protected":false},"excerpt":{"rendered":"<p>Los pasados 31 de mayo y 1 de junio, el Gerente de TMCOMAS, Lloren\u00e7 Comas, ha estado presente en la Oil &amp; Gas Conference de Bilbao que se ha celebrado en el marco de la feria BIEMH. Durante estos dos d\u00edas de feria, el m\u00e1ximo responsable de TMCOMAS ha aprovechado la ocasi\u00f3n para presentar nuestras [&hellip;]<\/p>\n","protected":false},"author":2,"featured_media":7916,"comment_status":"closed","ping_status":"closed","sticky":false,"template":"","format":"standard","meta":{"site-sidebar-layout":"default","site-content-layout":"default","ast-site-content-layout":"default","site-content-style":"default","site-sidebar-style":"default","ast-global-header-display":"","ast-banner-title-visibility":"","ast-main-header-display":"","ast-hfb-above-header-display":"","ast-hfb-below-header-display":"","ast-hfb-mobile-header-display":"","site-post-title":"","ast-breadcrumbs-content":"","ast-featured-img":"","footer-sml-layout":"","theme-transparent-header-meta":"default","adv-header-id-meta":"","stick-header-meta":"","header-above-stick-meta":"","header-main-stick-meta":"","header-below-stick-meta":"","astra-migrate-meta-layouts":"default","ast-page-background-enabled":"default","ast-page-background-meta":{"desktop":{"background-color":"","background-image":"","background-repeat":"repeat","background-position":"center center","background-size":"auto","background-attachment":"scroll","background-type":"","background-media":"","overlay-type":"","overlay-color":"","overlay-opacity":"","overlay-gradient":""},"tablet":{"background-color":"","background-image":"","background-repeat":"repeat","background-position":"center center","background-size":"auto","background-attachment":"scroll","background-type":"","background-media":"","overlay-type":"","overlay-color":"","overlay-opacity":"","overlay-gradient":""},"mobile":{"background-color":"","background-image":"","background-repeat":"repeat","background-position":"center center","background-size":"auto","background-attachment":"scroll","background-type":"","background-media":"","overlay-type":"","overlay-color":"","overlay-opacity":"","overlay-gradient":""}},"ast-content-background-meta":{"desktop":{"background-color":"var(--ast-global-color-5)","background-image":"","background-repeat":"repeat","background-position":"center center","background-size":"auto","background-attachment":"scroll","background-type":"","background-media":"","overlay-type":"","overlay-color":"","overlay-opacity":"","overlay-gradient":""},"tablet":{"background-color":"var(--ast-global-color-5)","background-image":"","background-repeat":"repeat","background-position":"center center","background-size":"auto","background-attachment":"scroll","background-type":"","background-media":"","overlay-type":"","overlay-color":"","overlay-opacity":"","overlay-gradient":""},"mobile":{"background-color":"var(--ast-global-color-5)","background-image":"","background-repeat":"repeat","background-position":"center center","background-size":"auto","background-attachment":"scroll","background-type":"","background-media":"","overlay-type":"","overlay-color":"","overlay-opacity":"","overlay-gradient":""}},"_joinchat":[],"footnotes":""},"categories":[789],"tags":[919,899,920,921,922,796],"class_list":["post-11894","post","type-post","status-publish","format-standard","has-post-thumbnail","hentry","category-news","tag-biemh-en-2","tag-bilbao-en-2","tag-feria-en-2","tag-feria-biemh-en-2","tag-oilgas-conference-en-2","tag-tmcomas-en-2"],"_links":{"self":[{"href":"https:\/\/tmcomas.com\/en\/wp-json\/wp\/v2\/posts\/11894","targetHints":{"allow":["GET"]}}],"collection":[{"href":"https:\/\/tmcomas.com\/en\/wp-json\/wp\/v2\/posts"}],"about":[{"href":"https:\/\/tmcomas.com\/en\/wp-json\/wp\/v2\/types\/post"}],"author":[{"embeddable":true,"href":"https:\/\/tmcomas.com\/en\/wp-json\/wp\/v2\/users\/2"}],"replies":[{"embeddable":true,"href":"https:\/\/tmcomas.com\/en\/wp-json\/wp\/v2\/comments?post=11894"}],"version-history":[{"count":0,"href":"https:\/\/tmcomas.com\/en\/wp-json\/wp\/v2\/posts\/11894\/revisions"}],"wp:featuredmedia":[{"embeddable":true,"href":"https:\/\/tmcomas.com\/en\/wp-json\/wp\/v2\/media\/7916"}],"wp:attachment":[{"href":"https:\/\/tmcomas.com\/en\/wp-json\/wp\/v2\/media?parent=11894"}],"wp:term":[{"taxonomy":"category","embeddable":true,"href":"https:\/\/tmcomas.com\/en\/wp-json\/wp\/v2\/categories?post=11894"},{"taxonomy":"post_tag","embeddable":true,"href":"https:\/\/tmcomas.com\/en\/wp-json\/wp\/v2\/tags?post=11894"}],"curies":[{"name":"wp","href":"https:\/\/api.w.org\/{rel}","templated":true}]}}