{"id":11425,"date":"2020-09-04T11:48:29","date_gmt":"2020-09-04T09:48:29","guid":{"rendered":"https:\/\/tmcomas.com\/tmcomas-nuevo-socio-del-cluster-mav\/"},"modified":"2020-10-13T17:17:09","modified_gmt":"2020-10-13T15:17:09","slug":"tmcomas-nouvel-associe-de-cluster-mav","status":"publish","type":"post","link":"https:\/\/tmcomas.com\/fr\/tmcomas-nouvel-associe-de-cluster-mav\/","title":{"rendered":"TMCOMAS, nouvel associ\u00e9 de Cl\u00faster MAV"},"content":{"rendered":"<p>\u00c0\u00a0<a href=\"https:\/\/tmcomas.com\/fr\/\"><strong>TMCOMAS<\/strong><\/a>\u00a0nous aimons travailler en \u00e9quipe. C\u2019est pourquoi <strong>nous nous sommes associ\u00e9s au\u00a0<\/strong><a href=\"https:\/\/www.clustermav.com\/\"><strong>Cl\u00faster MAV<\/strong><\/a>, le Cluster des Mat\u00e9riaux Avanc\u00e9s de Catalogne, une association \u00e0 but non lucratif dont le principal objectif est de promouvoir et de contribuer \u00e0 la comp\u00e9titivit\u00e9 des entreprises et des soci\u00e9t\u00e9s de la cha\u00eene de valeur du secteur des\u00a0<strong>mat\u00e9riaux avanc\u00e9s<\/strong>\u00a0en Catalogne.<\/p>\n<p>En tant que\u00a0<strong>r\u00e9f\u00e9rents dans le secteur de l\u2019ing\u00e9nierie m\u00e9canique et de surfaces<\/strong>, en tant qu\u2019experts dans les rev\u00eatements par\u00a0<a href=\"https:\/\/tmcomas.com\/fr\/service\/laser-cladding\/\"><strong>Laser Cladding<\/strong><\/a><strong>\u00a0et\u00a0<\/strong><a href=\"https:\/\/tmcomas.com\/fr\/service\/projection-thermique\/\"><strong>projection thermi<\/strong><strong>que<\/strong><\/a>, dans la\u00a0<a href=\"https:\/\/tmcomas.com\/fr\/service\/reparation-machines-tournantes\/\"><strong>r\u00e9paration de machines tournantes<\/strong><\/a><strong> et<\/strong><strong>\u00a0<\/strong><strong>de<\/strong> <a href=\"https:\/\/tmcomas.com\/fr\/service\/paliers-regule\/\"><strong>paliers <\/strong><strong>\u00e0 r\u00e9gule<\/strong><\/a><strong>, dans la\u00a0<\/strong><a href=\"https:\/\/tmcomas.com\/fr\/service\/mecanique-precision\/\"><strong>m\u00e9canique de pr\u00e9cision<\/strong><\/a><strong>\u00a0et\u00a0<\/strong><a href=\"https:\/\/tmcomas.com\/fr\/service\/bureau-technique\/\"><strong>r\u00e9troconception<\/strong><\/a>, il nous \u00e9tait impossible de ne pas faire partie de ce Cl\u00faster.<\/p>\n<p>Soutenu par la G\u00e9n\u00e9ralit\u00e9 de Catalogne \u00e0 travers ACCI\u00d3N (l\u2019Agence pour la Comp\u00e9titivit\u00e9 de l\u2019Entreprise Catalane), le\u00a0<a href=\"https:\/\/www.clustermav.com\/\"><strong>Cl\u00faster MAV<\/strong><\/a><strong>\u00a0est compos\u00e9 d\u2019entreprises et de soci\u00e9t\u00e9s associ\u00e9es promouvant des initiatives orient\u00e9es vers le lancement des affaires des mat\u00e9riaux avanc\u00e9s.<\/strong><\/p>\n<p>Pour\u00a0<a href=\"https:\/\/tmcomas.com\/fr\/\"><strong>TMCOMAS<\/strong><\/a>, le fait de s\u2019associer au\u00a0<a href=\"https:\/\/www.clustermav.com\/\"><strong>Cl\u00faster MAV<\/strong><\/a>\u00a0sera donc une opportunit\u00e9 suppl\u00e9mentaire pour\u00a0<strong>d\u00e9velopper des synergies entre homologues des autres entreprises du secteur<\/strong>\u00a0et partager \u00e9galement des informations strat\u00e9giques et technologiques visant \u00e0\u00a0<strong>am\u00e9liorer la technique et la comp\u00e9titivit\u00e9 dans la propre entreprise.<\/strong><\/p>\n<p>Pour toutes ces raisons\u2026 Nous sommes enchant\u00e9s d\u2019avoir adh\u00e9r\u00e9 \u00e0 la famille de\u00a0<strong>Cl\u00faster MAV<\/strong>\u00a0et nous avons tr\u00e8s envie de commencer \u00e0 travailler ensemble !<\/p>\n<p>&nbsp;<\/p>\n<p><img fetchpriority=\"high\" decoding=\"async\" class=\"aligncenter size-full wp-image-6479\" src=\"https:\/\/tmcomas.com\/wp-content\/uploads\/foto-portada-6.jpg\" alt=\"\" width=\"720\" height=\"240\" \/><\/p>\n","protected":false},"excerpt":{"rendered":"<p>\u00c0\u00a0TMCOMAS\u00a0nous aimons travailler en \u00e9quipe. C\u2019est pourquoi nous nous sommes associ\u00e9s au\u00a0Cl\u00faster MAV, le Cluster des Mat\u00e9riaux Avanc\u00e9s de Catalogne, une association \u00e0 but non lucratif dont le principal objectif est de promouvoir et de contribuer \u00e0 la comp\u00e9titivit\u00e9 des entreprises et des soci\u00e9t\u00e9s de la cha\u00eene de valeur du secteur des\u00a0mat\u00e9riaux avanc\u00e9s\u00a0en Catalogne. En [&hellip;]<\/p>\n","protected":false},"author":2,"featured_media":6979,"comment_status":"closed","ping_status":"closed","sticky":false,"template":"","format":"standard","meta":{"site-sidebar-layout":"default","site-content-layout":"default","ast-site-content-layout":"default","site-content-style":"default","site-sidebar-style":"default","ast-global-header-display":"","ast-banner-title-visibility":"","ast-main-header-display":"","ast-hfb-above-header-display":"","ast-hfb-below-header-display":"","ast-hfb-mobile-header-display":"","site-post-title":"","ast-breadcrumbs-content":"","ast-featured-img":"","footer-sml-layout":"","theme-transparent-header-meta":"default","adv-header-id-meta":"","stick-header-meta":"","header-above-stick-meta":"","header-main-stick-meta":"","header-below-stick-meta":"","astra-migrate-meta-layouts":"default","ast-page-background-enabled":"default","ast-page-background-meta":{"desktop":{"background-color":"","background-image":"","background-repeat":"repeat","background-position":"center center","background-size":"auto","background-attachment":"scroll","background-type":"","background-media":"","overlay-type":"","overlay-color":"","overlay-opacity":"","overlay-gradient":""},"tablet":{"background-color":"","background-image":"","background-repeat":"repeat","background-position":"center center","background-size":"auto","background-attachment":"scroll","background-type":"","background-media":"","overlay-type":"","overlay-color":"","overlay-opacity":"","overlay-gradient":""},"mobile":{"background-color":"","background-image":"","background-repeat":"repeat","background-position":"center center","background-size":"auto","background-attachment":"scroll","background-type":"","background-media":"","overlay-type":"","overlay-color":"","overlay-opacity":"","overlay-gradient":""}},"ast-content-background-meta":{"desktop":{"background-color":"var(--ast-global-color-5)","background-image":"","background-repeat":"repeat","background-position":"center center","background-size":"auto","background-attachment":"scroll","background-type":"","background-media":"","overlay-type":"","overlay-color":"","overlay-opacity":"","overlay-gradient":""},"tablet":{"background-color":"var(--ast-global-color-5)","background-image":"","background-repeat":"repeat","background-position":"center center","background-size":"auto","background-attachment":"scroll","background-type":"","background-media":"","overlay-type":"","overlay-color":"","overlay-opacity":"","overlay-gradient":""},"mobile":{"background-color":"var(--ast-global-color-5)","background-image":"","background-repeat":"repeat","background-position":"center center","background-size":"auto","background-attachment":"scroll","background-type":"","background-media":"","overlay-type":"","overlay-color":"","overlay-opacity":"","overlay-gradient":""}},"_joinchat":[],"footnotes":""},"categories":[759],"tags":[1119,761,776,764,765,766,771,772,773,775],"class_list":["post-11425","post","type-post","status-publish","format-standard","has-post-thumbnail","hentry","category-nouvelles","tag-cluster-mav-fr","tag-cojinetes-antifriccion-fr-2","tag-ingenieria-de-superficies-fr-2","tag-ingenieria-inversa-fr-2","tag-laser-cladding-fr-2","tag-mecanica-de-precision-fr-2","tag-proyeccion-termica-fr-2","tag-reparacion-de-equipos-dinamicos-fr-2","tag-soldaduras-especiales-fr-2","tag-tmcomas-fr-2"],"_links":{"self":[{"href":"https:\/\/tmcomas.com\/fr\/wp-json\/wp\/v2\/posts\/11425","targetHints":{"allow":["GET"]}}],"collection":[{"href":"https:\/\/tmcomas.com\/fr\/wp-json\/wp\/v2\/posts"}],"about":[{"href":"https:\/\/tmcomas.com\/fr\/wp-json\/wp\/v2\/types\/post"}],"author":[{"embeddable":true,"href":"https:\/\/tmcomas.com\/fr\/wp-json\/wp\/v2\/users\/2"}],"replies":[{"embeddable":true,"href":"https:\/\/tmcomas.com\/fr\/wp-json\/wp\/v2\/comments?post=11425"}],"version-history":[{"count":0,"href":"https:\/\/tmcomas.com\/fr\/wp-json\/wp\/v2\/posts\/11425\/revisions"}],"wp:featuredmedia":[{"embeddable":true,"href":"https:\/\/tmcomas.com\/fr\/wp-json\/wp\/v2\/media\/6979"}],"wp:attachment":[{"href":"https:\/\/tmcomas.com\/fr\/wp-json\/wp\/v2\/media?parent=11425"}],"wp:term":[{"taxonomy":"category","embeddable":true,"href":"https:\/\/tmcomas.com\/fr\/wp-json\/wp\/v2\/categories?post=11425"},{"taxonomy":"post_tag","embeddable":true,"href":"https:\/\/tmcomas.com\/fr\/wp-json\/wp\/v2\/tags?post=11425"}],"curies":[{"name":"wp","href":"https:\/\/api.w.org\/{rel}","templated":true}]}}