{"id":11464,"date":"2018-11-19T15:03:13","date_gmt":"2018-11-19T14:03:13","guid":{"rendered":"https:\/\/tmcomas.com\/tmcomas-asiste-a-la-reunion-de-seguimiento-del-proyecto-fampai\/"},"modified":"2020-10-12T10:41:19","modified_gmt":"2020-10-12T08:41:19","slug":"tmcomas-asiste-a-la-reunion-de-seguimiento-del-proyecto-fampai","status":"publish","type":"post","link":"https:\/\/tmcomas.com\/fr\/tmcomas-asiste-a-la-reunion-de-seguimiento-del-proyecto-fampai\/","title":{"rendered":"TMCOMAS asiste a la reuni\u00f3n de seguimiento del Proyecto FAMPAI"},"content":{"rendered":"<p>El pasado 14 de Noviembre los representantes de <a href=\"http:\/\/www.tmcomas.com\"><strong>TMCOMAS<\/strong><\/a>, el <strong>Doctor Jaume Nin,\u00a0Responsable de Departamento de Investigaci\u00f3n T\u00e9cnica, Desarrollo e Innovaci\u00f3n Tecnol\u00f3gica, y Eloi Font, del Departamento T\u00e9cnico, <\/strong>asistieron a la reuni\u00f3n que celebr\u00f3 la <strong>Comunidad IdF\u00a0<\/strong>en Cerdanyola del Vall\u00e9s.<\/p>\n<p>En el encuentro se habl\u00f3, tanto de temas financieros, como del estado general en el que se encuentran los distintos proyectos que se engloban dentro de la <strong>Comunidad IdF,\u00a0<\/strong>entre los cuales est\u00e1 el <strong>Proyecto FAMPAI<\/strong> en el cual participa <a href=\"http:\/\/www.tmcomas.com\"><strong>TMCOMAS <\/strong><\/a>y que <a href=\"http:\/\/www.tmcomas.com\/tmcomas-participa-en-el-proyecto-fampai-para-la-fabricacion-de-materiales-en-polvo-y-optimizacion-del-proceso-de-soldadura-mediante-laser-cladding\/\">arranc\u00f3 en Mayo de 2018.<\/a><\/p>\n<p>La jornada se dividi\u00f3 en dos partes: durante la ma\u00f1ana se hiz\u00f3 una reuni\u00f3n general para todos los proyectos, mientras que durante la tarde, los distintos partners que forman parte del <strong>Proyecto FAMPAI<\/strong>, entre ellos, <a href=\"http:\/\/www.tmcomas.com\"><strong>TMCOMAS<\/strong><\/a>, se juntaron para presentar los avances que se han logrado hasta el momento.<\/p>\n<p>A parte de los dos representantes de <a href=\"http:\/\/www.tmcomas.com\"><strong>TMCOMAS<\/strong><\/a>, a la reuni\u00f3n tambi\u00e9n asistieron Jos\u00e9 Antonio Calero y Elena Bernardo, por parte de <strong>AMES<\/strong>, Jes\u00fas Navarro, de <strong>Gutmar<\/strong>, Sergi Dosta, del <strong>CPT<\/strong>, David Marco, de <strong>ACCI\u00d3<\/strong> y Raffaele Caminatti, N\u00faria Hern\u00e1ndez y Jordi Pijuan, de <strong>EURECAT-CTM<\/strong>.<\/p>\n<p>&nbsp;<\/p>\n<p><img fetchpriority=\"high\" decoding=\"async\" class=\"aligncenter wp-image-5558 size-large\" src=\"https:\/\/tmcomas.com\/wp-content\/uploads\/foto-2a-noti-retocada-1024x696-1.jpg\" alt=\"\" width=\"640\" height=\"435\" \/><\/p>\n<p>&nbsp;<\/p>\n<p>El proyecto en cuesti\u00f3n, lleva por nombre\u00a0<strong><a href=\"https:\/\/www.ctm.com.es\/es\/noticia-357_fampai-fabricacion-avanzada-de-materiales-en-polvo-para-aplicaciones-industriales.php\">FAMPAI<\/a>,<\/strong>\u00a0siglas que se refieren a: \u201cFabricaci\u00f3 Avan\u00e7ada de Materials en Pols per Aplicacions Industrials\u201d (Fabricaci\u00f3n Avanzada de Materiales en Polvo para Aplicaciones Industriales) y est\u00e1 \u00edntegramente\u00a0<strong>subvencionado por ACCI\u00d3 \u2013organismo perteneciente a la Generalitat de Catalunya- a trav\u00e9s del Fondo europeo FEDER. <\/strong>Su duraci\u00f3n es de<strong> 36 meses <\/strong>y cuenta con un <strong>presupuesto total de 2.011.298,50 euros.<\/strong><\/p>\n<p>El objetivo principal del\u00a0<strong>Proyecto FAMPAI<\/strong>\u00a0es desarrollar y fabricar, mediante procesos avanzados, materiales en polvo de car\u00e1cter met\u00e1lico, intermet\u00e1lico y cer\u00e1mico, de estructura cristalina y amorfa, para aplicaciones industriales. Todo con la finalidad de conseguir que Catalunya se convierta en un referente a nivel internacional en la producci\u00f3n de polvo \u00f3ptima y de alto valor a\u00f1adido para la fabricaci\u00f3n de componentes pulvimetal\u00fargicos y recubrimientos, todos de altas prestaciones.<\/p>\n<p>&nbsp;<\/p>\n<p><img decoding=\"async\" class=\"aligncenter wp-image-5569 size-large\" src=\"https:\/\/tmcomas.com\/wp-content\/uploads\/logo-ue-feder-768x257-1.jpg\" alt=\"\" width=\"640\" height=\"214\" \/><\/p>\n<p>&nbsp;<\/p>\n<p><strong>Comunidad RISC3CAT y Comunidad IdF<\/strong><\/p>\n<p>El\u00a0<strong>Proyecto FAMPAI\u00a0<\/strong>se engloba dentro de la denominada\u00a0<strong>Comunidad RISC3CAT<\/strong>, un grupo en el cual, a su vez, se pueden encontrar distintas agrupaciones encargadas de llevar a cabo distintos proyectos.<\/p>\n<p>En concreto, el\u00a0<strong>Proyecto FAMPAI\u00a0<\/strong>pertenece a la\u00a0<strong>Comunidad IdF<\/strong>\u00a0(Industrias del Futuro), un grupo coordinado por\u00a0<strong>Eurecat\u00a0<\/strong>con la finalidad de consolidar un polo de innovaci\u00f3n L\u00edder en Fabricaci\u00f3n Eficiente y Sostenible en Catalunya, mediante una red de capacidades y planes piloto que tienen que servir para agilizar y consolidar la cadena de valor de la R+I+i industrial.<\/p>\n<p>Dentro de la\u00a0<strong>Comunidad IdF<\/strong>, y a parte del\u00a0<strong>FAMPAI<\/strong>, que est\u00e1 liderado por la\u00a0<a href=\"https:\/\/www.ctm.com.es\/es\/\"><strong>Fundaci\u00f3n CTM centre tecnol\u00f2gic<\/strong><\/a>, encontramos los siguientes proyectos:<\/p>\n<ul>\n<li style=\"list-style-type: none;\">\n<ul>\n<li><strong>IGNITE:<\/strong>\u00a0Control i integraci\u00f3n de maquinaria inteligente. Liderado por la Fundaci\u00f3n EURECAT.<\/li>\n<li><strong>SIMBIOTS:<\/strong>\u00a0Facilitar una introducci\u00f3n de la rob\u00f3tica a nuevos procesos y aplicaciones dentro de la industria. Liderado por la Institut de Rob\u00f2tica i inform\u00e1tica Industrial (CSIC).<\/li>\n<li><strong>PLASTFUN:<\/strong>\u00a0Planta Piloto de Piezas Pl\u00e1sticas con Superficies Funcionales Avanzadas. Liderado por la Fundaci\u00f3n EURECAT.<\/li>\n<li><strong>AVINT:<\/strong>\u00a0Estrategias avanzadas de mecanizado y predicci\u00f3n de la rugosidad. Liderado por la Fundaci\u00f3n CTM centro tecnol\u00f3gico.<\/li>\n<li><strong>PIONER:<\/strong>\u00a0Producci\u00f3n industrial mejorada mediante la optimizaci\u00f3n energ\u00e9tica de los procesos productivos. Liderado por la Fundaci\u00f3 Institut de Recerca en Energia de Catalunya.<\/li>\n<\/ul>\n<\/li>\n<\/ul>\n<p>&nbsp;<\/p>\n","protected":false},"excerpt":{"rendered":"<p>El pasado 14 de Noviembre los representantes de TMCOMAS, el Doctor Jaume Nin,\u00a0Responsable de Departamento de Investigaci\u00f3n T\u00e9cnica, Desarrollo e Innovaci\u00f3n Tecnol\u00f3gica, y Eloi Font, del Departamento T\u00e9cnico, asistieron a la reuni\u00f3n que celebr\u00f3 la Comunidad IdF\u00a0en Cerdanyola del Vall\u00e9s. En el encuentro se habl\u00f3, tanto de temas financieros, como del estado general en el [&hellip;]<\/p>\n","protected":false},"author":2,"featured_media":7784,"comment_status":"closed","ping_status":"closed","sticky":false,"template":"","format":"standard","meta":{"site-sidebar-layout":"default","site-content-layout":"default","ast-site-content-layout":"default","site-content-style":"default","site-sidebar-style":"default","ast-global-header-display":"","ast-banner-title-visibility":"","ast-main-header-display":"","ast-hfb-above-header-display":"","ast-hfb-below-header-display":"","ast-hfb-mobile-header-display":"","site-post-title":"","ast-breadcrumbs-content":"","ast-featured-img":"","footer-sml-layout":"","theme-transparent-header-meta":"default","adv-header-id-meta":"","stick-header-meta":"","header-above-stick-meta":"","header-main-stick-meta":"","header-below-stick-meta":"","astra-migrate-meta-layouts":"default","ast-page-background-enabled":"default","ast-page-background-meta":{"desktop":{"background-color":"","background-image":"","background-repeat":"repeat","background-position":"center center","background-size":"auto","background-attachment":"scroll","background-type":"","background-media":"","overlay-type":"","overlay-color":"","overlay-opacity":"","overlay-gradient":""},"tablet":{"background-color":"","background-image":"","background-repeat":"repeat","background-position":"center center","background-size":"auto","background-attachment":"scroll","background-type":"","background-media":"","overlay-type":"","overlay-color":"","overlay-opacity":"","overlay-gradient":""},"mobile":{"background-color":"","background-image":"","background-repeat":"repeat","background-position":"center center","background-size":"auto","background-attachment":"scroll","background-type":"","background-media":"","overlay-type":"","overlay-color":"","overlay-opacity":"","overlay-gradient":""}},"ast-content-background-meta":{"desktop":{"background-color":"var(--ast-global-color-5)","background-image":"","background-repeat":"repeat","background-position":"center center","background-size":"auto","background-attachment":"scroll","background-type":"","background-media":"","overlay-type":"","overlay-color":"","overlay-opacity":"","overlay-gradient":""},"tablet":{"background-color":"var(--ast-global-color-5)","background-image":"","background-repeat":"repeat","background-position":"center center","background-size":"auto","background-attachment":"scroll","background-type":"","background-media":"","overlay-type":"","overlay-color":"","overlay-opacity":"","overlay-gradient":""},"mobile":{"background-color":"var(--ast-global-color-5)","background-image":"","background-repeat":"repeat","background-position":"center center","background-size":"auto","background-attachment":"scroll","background-type":"","background-media":"","overlay-type":"","overlay-color":"","overlay-opacity":"","overlay-gradient":""}},"_joinchat":[],"footnotes":""},"categories":[759],"tags":[1106,1147,1148,1149,1150,1151,1152,1153,1154,1155,1156,1157,1158,1159,1160,778,765,1161,1162,1163,1164,775],"class_list":["post-11464","post","type-post","status-publish","format-standard","has-post-thumbnail","hentry","category-nouvelles","tag-accio-fr","tag-alme-fr","tag-ames-fr","tag-avint-fr","tag-centre-proyeccio-termica-fr","tag-centre-tecnologic-de-manresa-fr","tag-comunidad-idf-fr","tag-cpt-fr","tag-ctm-fr","tag-eloi-font-fr","tag-eurecat-fr","tag-fampai-fr","tag-fundacio-ctm-fr","tag-gutmar-fr","tag-ignite-fr","tag-jaume-nin-fr-2","tag-laser-cladding-fr-2","tag-pioner-fr","tag-plastfun-fr","tag-risc3cat-fr","tag-simbiots-fr","tag-tmcomas-fr-2"],"_links":{"self":[{"href":"https:\/\/tmcomas.com\/fr\/wp-json\/wp\/v2\/posts\/11464","targetHints":{"allow":["GET"]}}],"collection":[{"href":"https:\/\/tmcomas.com\/fr\/wp-json\/wp\/v2\/posts"}],"about":[{"href":"https:\/\/tmcomas.com\/fr\/wp-json\/wp\/v2\/types\/post"}],"author":[{"embeddable":true,"href":"https:\/\/tmcomas.com\/fr\/wp-json\/wp\/v2\/users\/2"}],"replies":[{"embeddable":true,"href":"https:\/\/tmcomas.com\/fr\/wp-json\/wp\/v2\/comments?post=11464"}],"version-history":[{"count":0,"href":"https:\/\/tmcomas.com\/fr\/wp-json\/wp\/v2\/posts\/11464\/revisions"}],"wp:featuredmedia":[{"embeddable":true,"href":"https:\/\/tmcomas.com\/fr\/wp-json\/wp\/v2\/media\/7784"}],"wp:attachment":[{"href":"https:\/\/tmcomas.com\/fr\/wp-json\/wp\/v2\/media?parent=11464"}],"wp:term":[{"taxonomy":"category","embeddable":true,"href":"https:\/\/tmcomas.com\/fr\/wp-json\/wp\/v2\/categories?post=11464"},{"taxonomy":"post_tag","embeddable":true,"href":"https:\/\/tmcomas.com\/fr\/wp-json\/wp\/v2\/tags?post=11464"}],"curies":[{"name":"wp","href":"https:\/\/api.w.org\/{rel}","templated":true}]}}