{"id":11866,"date":"2016-11-11T10:26:08","date_gmt":"2016-11-11T09:26:08","guid":{"rendered":"https:\/\/tmcomas.com\/tmcomas-estara-presente-en-metalmadrid-2016-en-colaboracion-con-su-socio-flubetech\/"},"modified":"2020-10-13T11:39:39","modified_gmt":"2020-10-13T09:39:39","slug":"tmcomas-estara-presente-en-metalmadrid-2016-en-colaboracion-con-su-socio-flubetech","status":"publish","type":"post","link":"https:\/\/tmcomas.com\/fr\/tmcomas-estara-presente-en-metalmadrid-2016-en-colaboracion-con-su-socio-flubetech\/","title":{"rendered":"TMCOMAS participar\u00e1 en MetalMadrid 2016 en colaboraci\u00f3n con su socio Flubetech"},"content":{"rendered":"<p>Los pr\u00f3ximos d\u00edas <strong>16 y 17 de noviembre<\/strong> se celebra la feria <a href=\"http:\/\/www.metalmadrid.com\/\" target=\"_blank\" rel=\"noopener noreferrer\"><strong>MetalMadrid 2016<\/strong><\/a>, y en esta ocasi\u00f3n <strong><a href=\"http:\/\/www.tmcomas.com\/\" target=\"_blank\" rel=\"noopener noreferrer\">TMCOMAS<\/a> <\/strong>estar\u00e1 presente en colaboraci\u00f3n con su socio, <a href=\"http:\/\/www.flubetech.com\" target=\"_blank\" rel=\"noopener noreferrer\">Flubetech<\/a>.<\/p>\n<p><strong>MetalMadrid<\/strong>, que se celebra anualmente en el Recinto Ferial IFEMA (Feria de Madrid), se ha consolidado como un lugar de referencia para las principales empresas nacionales e internacionales del sector metal\u00fargico.<\/p>\n<p>Por ello, <strong><a href=\"http:\/\/www.tmcomas.com\/\" target=\"_blank\" rel=\"noopener noreferrer\">TMCOMAS<\/a><\/strong> aprovechar\u00e1 la ocasi\u00f3n para presentar sus principales novedades en <strong>recubrimientos avanzados (<em><a href=\"http:\/\/www.tmcomas.com\/laser-cladding\/\" target=\"_blank\" rel=\"noopener noreferrer\">Laser Cladding<\/a> <\/em>y <a href=\"http:\/\/www.tmcomas.com\/proyeccion-termica\/\" target=\"_blank\" rel=\"noopener noreferrer\">Proyecci\u00f3n T\u00e9rmica<\/a>)<\/strong>, de los cuales es un referente a nivel europeo.<\/p>\n<p>Gracias a este tipo de tecnolog\u00edas de recargue de \u00faltima generaci\u00f3n, que son <strong>resistentes al desgaste y a la corrosi\u00f3n<\/strong>, as\u00ed como al impacto, <strong>se mejora<\/strong> significativamente, <strong>la vida \u00fatil de las piezas y su rendimiento<\/strong>.<\/p>\n<p>Adem\u00e1s, desde sus instalaciones de Blanes, a s\u00f3lo media hora de Barcelona, <strong><a href=\"http:\/\/www.tmcomas.com\/\" target=\"_blank\" rel=\"noopener noreferrer\">TMCOMAS<\/a><\/strong> tambi\u00e9n ofrece servicios en <a href=\"http:\/\/www.tmcomas.com\/mecanica-de-precision\/\" target=\"_blank\" rel=\"noopener noreferrer\"><strong>mec\u00e1nica de precisi\u00f3n<\/strong><\/a>, <a href=\"http:\/\/www.tmcomas.com\/ingenieria-inversa\/\" target=\"_blank\" rel=\"noopener noreferrer\"><strong>ingenier\u00eda inversa<\/strong><\/a>, <a href=\"http:\/\/www.tmcomas.com\/reparacion-de-equipos-dinamicos\/\" target=\"_blank\" rel=\"noopener noreferrer\"><strong>reparaci\u00f3n de equipos din\u00e1micos<\/strong><\/a>, <strong><a href=\"http:\/\/www.tmcomas.com\/soldaduras-especiales\/\" target=\"_blank\" rel=\"noopener noreferrer\">soldaduras especiales<\/a><\/strong> y <a href=\"http:\/\/www.tmcomas.com\/cojinetes-antifriccion\/\" target=\"_blank\" rel=\"noopener noreferrer\"><strong>cojinetes antifricci\u00f3n<\/strong><\/a>, dando soluci\u00f3n a cualquier necesidad que presente la industria.<\/p>\n<p>Os esperamos los d\u00edas <strong>16 y 17 de noviembre,<\/strong> en el <strong>Stand M03<\/strong> de <strong>MetalMadrid<\/strong>\u2026 \u00a1No os lo perd\u00e1is!<\/p>\n<figure id=\"attachment_3993\" aria-describedby=\"caption-attachment-3993\" style=\"width: 603px\" class=\"wp-caption aligncenter\"><a href=\"http:\/\/www.tmcomas.com\/wp-content\/uploads\/2016\/11\/versi\u00f3-x-dins-noti.jpg\"><img fetchpriority=\"high\" decoding=\"async\" class=\"wp-image-3993 \" src=\"http:\/\/www.tmcomas.com\/wp-content\/uploads\/2016\/11\/versi\u00f3-x-dins-noti.jpg\" alt=\"La\u00a0Feria MetalMadrid 2016, que se celebrar\u00e1 el 16 y 17 de Noviembre.\" width=\"603\" height=\"187\" \/><\/a><figcaption id=\"caption-attachment-3993\" class=\"wp-caption-text\"><strong>La\u00a0<a href=\"http:\/\/www.metalmadrid.com\/\" target=\"_blank\" rel=\"noopener noreferrer\">Feria MetalMadrid 2016<\/a>\u00a0se celebrar\u00e1 el 16 y 17 de Noviembre.<\/strong><\/figcaption><\/figure>\n","protected":false},"excerpt":{"rendered":"<p>Los pr\u00f3ximos d\u00edas 16 y 17 de noviembre se celebra la feria MetalMadrid 2016, y en esta ocasi\u00f3n TMCOMAS estar\u00e1 presente en colaboraci\u00f3n con su socio, Flubetech. MetalMadrid, que se celebra anualmente en el Recinto Ferial IFEMA (Feria de Madrid), se ha consolidado como un lugar de referencia para las principales empresas nacionales e internacionales [&hellip;]<\/p>\n","protected":false},"author":2,"featured_media":0,"comment_status":"closed","ping_status":"closed","sticky":false,"template":"","format":"standard","meta":{"site-sidebar-layout":"default","site-content-layout":"","ast-site-content-layout":"default","site-content-style":"default","site-sidebar-style":"default","ast-global-header-display":"","ast-banner-title-visibility":"","ast-main-header-display":"","ast-hfb-above-header-display":"","ast-hfb-below-header-display":"","ast-hfb-mobile-header-display":"","site-post-title":"","ast-breadcrumbs-content":"","ast-featured-img":"","footer-sml-layout":"","theme-transparent-header-meta":"","adv-header-id-meta":"","stick-header-meta":"","header-above-stick-meta":"","header-main-stick-meta":"","header-below-stick-meta":"","astra-migrate-meta-layouts":"default","ast-page-background-enabled":"default","ast-page-background-meta":{"desktop":{"background-color":"","background-image":"","background-repeat":"repeat","background-position":"center center","background-size":"auto","background-attachment":"scroll","background-type":"","background-media":"","overlay-type":"","overlay-color":"","overlay-opacity":"","overlay-gradient":""},"tablet":{"background-color":"","background-image":"","background-repeat":"repeat","background-position":"center center","background-size":"auto","background-attachment":"scroll","background-type":"","background-media":"","overlay-type":"","overlay-color":"","overlay-opacity":"","overlay-gradient":""},"mobile":{"background-color":"","background-image":"","background-repeat":"repeat","background-position":"center center","background-size":"auto","background-attachment":"scroll","background-type":"","background-media":"","overlay-type":"","overlay-color":"","overlay-opacity":"","overlay-gradient":""}},"ast-content-background-meta":{"desktop":{"background-color":"var(--ast-global-color-5)","background-image":"","background-repeat":"repeat","background-position":"center center","background-size":"auto","background-attachment":"scroll","background-type":"","background-media":"","overlay-type":"","overlay-color":"","overlay-opacity":"","overlay-gradient":""},"tablet":{"background-color":"var(--ast-global-color-5)","background-image":"","background-repeat":"repeat","background-position":"center center","background-size":"auto","background-attachment":"scroll","background-type":"","background-media":"","overlay-type":"","overlay-color":"","overlay-opacity":"","overlay-gradient":""},"mobile":{"background-color":"var(--ast-global-color-5)","background-image":"","background-repeat":"repeat","background-position":"center center","background-size":"auto","background-attachment":"scroll","background-type":"","background-media":"","overlay-type":"","overlay-color":"","overlay-opacity":"","overlay-gradient":""}},"_joinchat":[],"footnotes":""},"categories":[759],"tags":[1241,764,765,766,1631,1632,771,772,1633,775],"class_list":["post-11866","post","type-post","status-publish","format-standard","hentry","category-nouvelles","tag-flubetech-fr","tag-ingenieria-inversa-fr-2","tag-laser-cladding-fr-2","tag-mecanica-de-precision-fr-2","tag-metalmadrid-fr","tag-metalmadrid-2016-fr","tag-proyeccion-termica-fr-2","tag-reparacion-de-equipos-dinamicos-fr-2","tag-soldaduras-especiales-y-cojinetes-antifriccion-fr","tag-tmcomas-fr-2"],"_links":{"self":[{"href":"https:\/\/tmcomas.com\/fr\/wp-json\/wp\/v2\/posts\/11866","targetHints":{"allow":["GET"]}}],"collection":[{"href":"https:\/\/tmcomas.com\/fr\/wp-json\/wp\/v2\/posts"}],"about":[{"href":"https:\/\/tmcomas.com\/fr\/wp-json\/wp\/v2\/types\/post"}],"author":[{"embeddable":true,"href":"https:\/\/tmcomas.com\/fr\/wp-json\/wp\/v2\/users\/2"}],"replies":[{"embeddable":true,"href":"https:\/\/tmcomas.com\/fr\/wp-json\/wp\/v2\/comments?post=11866"}],"version-history":[{"count":0,"href":"https:\/\/tmcomas.com\/fr\/wp-json\/wp\/v2\/posts\/11866\/revisions"}],"wp:attachment":[{"href":"https:\/\/tmcomas.com\/fr\/wp-json\/wp\/v2\/media?parent=11866"}],"wp:term":[{"taxonomy":"category","embeddable":true,"href":"https:\/\/tmcomas.com\/fr\/wp-json\/wp\/v2\/categories?post=11866"},{"taxonomy":"post_tag","embeddable":true,"href":"https:\/\/tmcomas.com\/fr\/wp-json\/wp\/v2\/tags?post=11866"}],"curies":[{"name":"wp","href":"https:\/\/api.w.org\/{rel}","templated":true}]}}