{"id":11872,"date":"2017-01-26T13:23:16","date_gmt":"2017-01-26T12:23:16","guid":{"rendered":"https:\/\/tmcomas.com\/tmcomas-recibe-un-homenaje-de-la-patronal-pimec-de-girona\/"},"modified":"2020-10-13T11:40:27","modified_gmt":"2020-10-13T09:40:27","slug":"tmcomas-recibe-un-homenaje-de-la-patronal-pimec-de-girona","status":"publish","type":"post","link":"https:\/\/tmcomas.com\/fr\/tmcomas-recibe-un-homenaje-de-la-patronal-pimec-de-girona\/","title":{"rendered":"TMCOMAS recibe un homenaje de la patronal PIMEC de Girona"},"content":{"rendered":"<p><strong><a href=\"http:\/\/www.tmcomas.com\/fr\" target=\"_blank\" rel=\"noopener noreferrer\">TMCOMAS<\/a><\/strong> a re\u00e7u une nouvelle reconnaissance. A cette occasion, de la part de <strong><a href=\"http:\/\/www.pimec.org\/es\/institucion\/nosotros\/territorios\/girona\" target=\"_blank\" rel=\"noopener noreferrer\">PIMEC Girona<\/a><\/strong> qui a organis\u00e9 un hommage aux entreprises du territoire avec lesquelles elle est associ\u00e9e depuis le plus longtemps. Parmi elles se trouve <a href=\"http:\/\/www.tmcomas.com\/fr\" target=\"_blank\" rel=\"noopener noreferrer\"><strong>TMCOMAS<\/strong><\/a>, qui avec <strong>plus de 60 ans d&#8217;experi\u00e9nce<\/strong> est d\u00e9j\u00e0 consid\u00e9r\u00e9e comme unes r\u00e9f\u00e9rence d&#8217;affaires dans toute la regi\u00f3n.<\/p>\n<p>Cette initiative, qui vise \u00e0 ajouter de la valeur \u00e0 l&#8217;associationnisme et faciliter les r\u00e9unions et la communication entre les hommes d&#8217;affaires dans la regi\u00f3n, <a href=\"http:\/\/www.pimec.org\/es\/node\/76586\" target=\"_blank\" rel=\"noopener noreferrer\"><b>a r\u00e9uni un total de onze entreprises et entit\u00e9s\u00a0<\/b><\/a><b> embl\u00e9matiques de Girona de diff\u00e9rents secteurs<\/b><\/p>\n<figure id=\"attachment_4055\" aria-describedby=\"caption-attachment-4055\" style=\"width: 640px\" class=\"wp-caption aligncenter\"><a href=\"https:\/\/tmcomas.com\/wp-content\/uploads\/Dinar-socis-antics-21122016.jpg\"><img fetchpriority=\"high\" decoding=\"async\" class=\"wp-image-4055 size-large\" src=\"https:\/\/tmcomas.com\/wp-content\/uploads\/Dinar-socis-antics-21122016.jpg\" alt=\"El gerente de TMCOMAS, Lloren\u00e7 Comas, entre los asistentes al acto de homenaje organizado por PIMEC.\" width=\"640\" height=\"480\" \/><\/a><figcaption id=\"caption-attachment-4055\" class=\"wp-caption-text\">Le PDG de <strong>TMCOMAS<\/strong>, Lloren\u00e7 Comas, parmi les participants a l&#8217;hommage organis\u00e9 par <strong>PIMEC Girona<\/strong>.<\/figcaption><\/figure>\n<p>&nbsp;<\/p>\n<p>Ainsi, en plus de <strong><a href=\"http:\/\/www.tmcomas.com\/fr\" target=\"_blank\" rel=\"noopener noreferrer\">TMCOMAS<\/a> <\/strong>&#8211; sp\u00e9cialis\u00e9e dans <strong>l&#8217;ing\u00e9nierie de surface, la <a href=\"http:\/\/www.tmcomas.com\/mecanica-de-precision\/\" target=\"_blank\" rel=\"noopener noreferrer\">m\u00e9canique de precisi\u00f3n<\/a>, le <a href=\"http:\/\/www.tmcomas.com\/laser-cladding\/\" target=\"_blank\" rel=\"noopener noreferrer\">rechargement laser<\/a> et la <a href=\"http:\/\/www.tmcomas.com\/proyeccion-termica\/\" target=\"_blank\" rel=\"noopener noreferrer\">projection thermique<\/a><\/strong>, entre autres choses &#8211; dans la c\u00e9r\u00e9monie ont \u00e9galement assist\u00e9 des repr\u00e9sentans de Bur\u00e9s Profesional; Bicicletas Esteve; Transports Porqueres; Associaci\u00f3 Gironina d&#8217;Empres\u00e0ries; Ambisist Productes de Neteja; Girona Centre Eix Comercial; Industrias Cer\u00e1micas Branc\u00f3s; Fibran; Carrocer\u00edas Ayats\u00a0et F\u00e9lix Ribera e hijos.<\/p>\n<p>Cette reuni\u00f3n a \u00e9galement servi \u00e0 analyser les aspects des <strong>nouvelles \u00e9conomiques du territoire<\/strong> et de mettre en commun certaines des questions qui pr\u00e9occupent le plus les entreprises sur le territoire.<\/p>\n<p>Pour cl\u00f4turer l&#8217;hommage, <strong>le pr\u00e9sident de PIMEC, Pere Cornell\u00e0<\/strong>, a remerci\u00e9 la loyaut\u00e9 et la confiance que les soci\u00e9t\u00e9s ont plac\u00e9 toutes ces ann\u00e9es dans l&#8217;employeur et a donn\u00e9 un certificat de reconnaissance \u00e0 chacun des participants.<\/p>\n<p>&nbsp;<\/p>\n<p>&nbsp;<\/p>\n<p>&nbsp;<\/p>\n","protected":false},"excerpt":{"rendered":"<p>TMCOMAS a re\u00e7u une nouvelle reconnaissance. A cette occasion, de la part de PIMEC Girona qui a organis\u00e9 un hommage aux entreprises du territoire avec lesquelles elle est associ\u00e9e depuis le plus longtemps. Parmi elles se trouve TMCOMAS, qui avec plus de 60 ans d&#8217;experi\u00e9nce est d\u00e9j\u00e0 consid\u00e9r\u00e9e comme unes r\u00e9f\u00e9rence d&#8217;affaires dans toute la [&hellip;]<\/p>\n","protected":false},"author":2,"featured_media":7936,"comment_status":"closed","ping_status":"closed","sticky":false,"template":"","format":"standard","meta":{"site-sidebar-layout":"default","site-content-layout":"default","ast-site-content-layout":"default","site-content-style":"default","site-sidebar-style":"default","ast-global-header-display":"","ast-banner-title-visibility":"","ast-main-header-display":"","ast-hfb-above-header-display":"","ast-hfb-below-header-display":"","ast-hfb-mobile-header-display":"","site-post-title":"","ast-breadcrumbs-content":"","ast-featured-img":"","footer-sml-layout":"","theme-transparent-header-meta":"default","adv-header-id-meta":"","stick-header-meta":"","header-above-stick-meta":"","header-main-stick-meta":"","header-below-stick-meta":"","astra-migrate-meta-layouts":"default","ast-page-background-enabled":"default","ast-page-background-meta":{"desktop":{"background-color":"","background-image":"","background-repeat":"repeat","background-position":"center center","background-size":"auto","background-attachment":"scroll","background-type":"","background-media":"","overlay-type":"","overlay-color":"","overlay-opacity":"","overlay-gradient":""},"tablet":{"background-color":"","background-image":"","background-repeat":"repeat","background-position":"center center","background-size":"auto","background-attachment":"scroll","background-type":"","background-media":"","overlay-type":"","overlay-color":"","overlay-opacity":"","overlay-gradient":""},"mobile":{"background-color":"","background-image":"","background-repeat":"repeat","background-position":"center center","background-size":"auto","background-attachment":"scroll","background-type":"","background-media":"","overlay-type":"","overlay-color":"","overlay-opacity":"","overlay-gradient":""}},"ast-content-background-meta":{"desktop":{"background-color":"var(--ast-global-color-5)","background-image":"","background-repeat":"repeat","background-position":"center center","background-size":"auto","background-attachment":"scroll","background-type":"","background-media":"","overlay-type":"","overlay-color":"","overlay-opacity":"","overlay-gradient":""},"tablet":{"background-color":"var(--ast-global-color-5)","background-image":"","background-repeat":"repeat","background-position":"center center","background-size":"auto","background-attachment":"scroll","background-type":"","background-media":"","overlay-type":"","overlay-color":"","overlay-opacity":"","overlay-gradient":""},"mobile":{"background-color":"var(--ast-global-color-5)","background-image":"","background-repeat":"repeat","background-position":"center center","background-size":"auto","background-attachment":"scroll","background-type":"","background-media":"","overlay-type":"","overlay-color":"","overlay-opacity":"","overlay-gradient":""}},"_joinchat":[],"footnotes":""},"categories":[759],"tags":[1638,1651,1640,1641,1642,1643,1644,1645,1646,776,765,865,766,1647,1648,1649,771,775,1650],"class_list":["post-11872","post","type-post","status-publish","format-standard","has-post-thumbnail","hentry","category-nouvelles","tag-ambisist-productes-de-neteja-fr-fr","tag-associacio-gironina-dempresaries-fr-2","tag-bicicletas-esteve-fr-fr","tag-bures-profesional-fr-fr","tag-carrocerias-ayats-fr-fr","tag-felix-ribera-e-hijos-fr-fr","tag-fibran-fr-fr","tag-girona-centre-eix-comercial-fr-fr","tag-industrias-ceramicas-brancos-fr-fr","tag-ingenieria-de-superficies-fr-2","tag-laser-cladding-fr-2","tag-llorenc-comas-fr-2","tag-mecanica-de-precision-fr-2","tag-pere-cornella-fr-fr","tag-pimec-fr-fr","tag-pimec-girona-fr-fr","tag-proyeccion-termica-fr-2","tag-tmcomas-fr-2","tag-transports-porqueres-fr-fr"],"_links":{"self":[{"href":"https:\/\/tmcomas.com\/fr\/wp-json\/wp\/v2\/posts\/11872","targetHints":{"allow":["GET"]}}],"collection":[{"href":"https:\/\/tmcomas.com\/fr\/wp-json\/wp\/v2\/posts"}],"about":[{"href":"https:\/\/tmcomas.com\/fr\/wp-json\/wp\/v2\/types\/post"}],"author":[{"embeddable":true,"href":"https:\/\/tmcomas.com\/fr\/wp-json\/wp\/v2\/users\/2"}],"replies":[{"embeddable":true,"href":"https:\/\/tmcomas.com\/fr\/wp-json\/wp\/v2\/comments?post=11872"}],"version-history":[{"count":0,"href":"https:\/\/tmcomas.com\/fr\/wp-json\/wp\/v2\/posts\/11872\/revisions"}],"wp:featuredmedia":[{"embeddable":true,"href":"https:\/\/tmcomas.com\/fr\/wp-json\/wp\/v2\/media\/7936"}],"wp:attachment":[{"href":"https:\/\/tmcomas.com\/fr\/wp-json\/wp\/v2\/media?parent=11872"}],"wp:term":[{"taxonomy":"category","embeddable":true,"href":"https:\/\/tmcomas.com\/fr\/wp-json\/wp\/v2\/categories?post=11872"},{"taxonomy":"post_tag","embeddable":true,"href":"https:\/\/tmcomas.com\/fr\/wp-json\/wp\/v2\/tags?post=11872"}],"curies":[{"name":"wp","href":"https:\/\/api.w.org\/{rel}","templated":true}]}}