{"id":6577,"date":"2016-10-24T09:36:12","date_gmt":"2016-10-24T07:36:12","guid":{"rendered":"https:\/\/tmcomas.com\/tmcomas-volvera-a-estar-presente-en-del-curso-de-ingenieria-de-superficies-organizado-por-ain\/"},"modified":"2020-09-08T17:38:54","modified_gmt":"2020-09-08T15:38:54","slug":"tmcomas-sera-a-nouveau-present-au-cours-dingenierie-de-surface-organise-par-ain","status":"publish","type":"post","link":"https:\/\/tmcomas.com\/fr\/tmcomas-sera-a-nouveau-present-au-cours-dingenierie-de-surface-organise-par-ain\/","title":{"rendered":"TMCOMAS sera \u00e0 nouveau pr\u00e9sent au Cours d\u2019Ing\u00e9nierie de Surface organis\u00e9 par AIN"},"content":{"rendered":"<p>Les 21, 22 et 23 Novembre prochains, <a href=\"http:\/\/www.ain.es\/\" target=\"_blank\" rel=\"noopener noreferrer\"><b>AIN<\/b><\/a> organise le <strong><a href=\"http:\/\/www.ain.es\/actualidad-3\/noticias\/nueva-edicion-del-curso-de-ingenieria-de-superficies-de-ain\/\" target=\"_blank\" rel=\"noopener noreferrer\">XVI Cours d\u2019Ing\u00e9nierie de Surface<\/a><\/strong> \u00e0 Pamplona, et une ann\u00e9e encore, <strong><a href=\"http:\/\/www.tmcomas.com\/fr\/\" target=\"_blank\" rel=\"noopener noreferrer\">TMCOMAS<\/a><\/strong> y sera pr\u00e9sent.<\/p>\n<p>Comme dans l&#8217;\u00e9dition pr\u00e9c\u00e9dente, le chef de R+D+I de <strong><a href=\"http:\/\/www.tmcomas.com\/fr\/\" target=\"_blank\" rel=\"noopener noreferrer\">TMCOMAS<\/a><\/strong>, le <strong>Docteur Jaume Nin<\/strong>, sera charg\u00e9 de faire conna\u00eetre les principaux d\u00e9veloppements en \u00a0rev\u00eatements laser.<\/p>\n<p>En plus d&#8217;\u00eatre des sp\u00e9cialistes en <a href=\"http:\/\/www.tmcomas.com\/fr\/mecanique-de-precision\/\" target=\"_blank\" rel=\"noopener noreferrer\"><strong>m\u00e9canique de pr\u00e9cision<\/strong><\/a>, <a href=\"http:\/\/www.tmcomas.com\/fr\/reparation-de-machines-tournantes\/\" target=\"_blank\" rel=\"noopener noreferrer\"><strong>r\u00e9paration de machines tournantes<\/strong><\/a>, <a href=\"http:\/\/www.tmcomas.com\/fr\/projection-thermique\/\" target=\"_blank\" rel=\"noopener noreferrer\"><strong>projection thermique<\/strong><\/a>, <a href=\"http:\/\/www.tmcomas.com\/fr\/paliers-a-regule\/\" target=\"_blank\" rel=\"noopener noreferrer\"><strong>paliers \u00e0 r\u00e9gule<\/strong><\/a>, <strong><a href=\"http:\/\/www.tmcomas.com\/fr\/soudures-speciales\/\" target=\"_blank\" rel=\"noopener noreferrer\">soudures sp\u00e9ciales<\/a><\/strong> et <a href=\"http:\/\/www.tmcomas.com\/fr\/retro-conception\/\" target=\"_blank\" rel=\"noopener noreferrer\"><strong>r\u00e9tro-conception<\/strong><\/a>, <strong><a href=\"http:\/\/www.tmcomas.com\/fr\/\" target=\"_blank\" rel=\"noopener noreferrer\">TMCOMAS<\/a> <\/strong>est pionnier dans les domaines du laser et a lui-m\u00eame mis en place il y a des ann\u00e9es la principale r\u00e9f\u00e9rence espagnole dans le monde du <strong><em>Laser Cladding <\/em><\/strong>dans son conf\u00e9rence du <strong>mardi, 22 Novembre, \u00e0 12:30h.<\/strong><\/p>\n<p><strong>Un lieu de rencontre pour les professionnels de l&#8217;ing\u00e9nierie de surface <\/strong><\/p>\n<p>Pendant les trois jours que durera la <strong><a href=\"http:\/\/static.ow.ly\/docs\/XVI%20Curso%20de%20ingenier%C3%ADa%20de%20superficies_5e33.pdf\" target=\"_blank\" rel=\"noopener noreferrer\">XVI \u00e9dition du Cours d&#8217;Ing\u00e9nierie de Surface<\/a><\/strong> organis\u00e9e par <strong>AIN<\/strong>, Pamplona sera le lieu de rencontre pour de nombreux <strong>professionnels de l&#8217;ing\u00e9nierie des surfaces<\/strong> et des experts de la projection thermique et les rev\u00eatements laser.<\/p>\n<p>Le premier jour traitera de <strong>l&#8217;ing\u00e9nierie de surface g\u00e9n\u00e9rale<\/strong> et sa caract\u00e9risation et comportement; tandis que dans le deuxi\u00e8me, les applications sp\u00e9cifiques en <strong>traitements thermiques et thermochimiques<\/strong>, comme en <strong>rev\u00eatements par laser, par projection thermique et \u00e9lectrochimique<\/strong>, seront les protagonistes. Enfin, le cours finira avec les pr\u00e9sentations des <strong>rev\u00eatements CVC et PVD<\/strong> et des traitements, soit par <strong>implantation ionique ou assist\u00e9 par plasma<\/strong>.<\/p>\n<figure id=\"attachment_3946\" aria-describedby=\"caption-attachment-3946\" style=\"width: 700px\" class=\"wp-caption aligncenter\"><a href=\"https:\/\/tmcomas.com\/wp-content\/uploads\/AIN_2016.jpg\"><img fetchpriority=\"high\" decoding=\"async\" class=\"wp-image-3946 size-full\" src=\"https:\/\/tmcomas.com\/wp-content\/uploads\/AIN_2016.jpg\" alt=\"\u00a0\u00a0XVI Curso de Ingenier\u00eda de Superficies d'AIN\" width=\"700\" height=\"330\" \/><\/a><figcaption id=\"caption-attachment-3946\" class=\"wp-caption-text\"><strong>XVI Curso de Ingenier\u00eda de Superficies d&#8217;AIN<\/strong><\/figcaption><\/figure>\n<div class=\"wp-caption-dd\"><\/div>\n<p>&nbsp;<\/p>\n<p><strong>Pour plus d&#8217;informations sur les programmes de cours et les autres conf\u00e9rences:<\/strong> <a href=\"http:\/\/www.ain.es\/actualidad-3\/noticias\/nueva-edicion-del-curso-de-ingenieria-de-superficies-de-ain\/\">http:\/\/www.ain.es\/actualidad-3\/noticias\/nueva-edicion-del-curso-de-ingenieria-de-superficies-de-ain\/<\/a><\/p>\n<p>&nbsp;<\/p>\n","protected":false},"excerpt":{"rendered":"<p>Les 21, 22 et 23 Novembre prochains, AIN organise le XVI Cours d\u2019Ing\u00e9nierie de Surface \u00e0 Pamplona, et une ann\u00e9e encore, TMCOMAS y sera pr\u00e9sent. Comme dans l&#8217;\u00e9dition pr\u00e9c\u00e9dente, le chef de R+D+I de TMCOMAS, le Docteur Jaume Nin, sera charg\u00e9 de faire conna\u00eetre les principaux d\u00e9veloppements en \u00a0rev\u00eatements laser. En plus d&#8217;\u00eatre des sp\u00e9cialistes [&hellip;]<\/p>\n","protected":false},"author":2,"featured_media":7933,"comment_status":"closed","ping_status":"closed","sticky":false,"template":"","format":"standard","meta":{"site-sidebar-layout":"default","site-content-layout":"default","ast-site-content-layout":"default","site-content-style":"default","site-sidebar-style":"default","ast-global-header-display":"","ast-banner-title-visibility":"","ast-main-header-display":"","ast-hfb-above-header-display":"","ast-hfb-below-header-display":"","ast-hfb-mobile-header-display":"","site-post-title":"","ast-breadcrumbs-content":"","ast-featured-img":"","footer-sml-layout":"","theme-transparent-header-meta":"default","adv-header-id-meta":"","stick-header-meta":"","header-above-stick-meta":"","header-main-stick-meta":"","header-below-stick-meta":"","astra-migrate-meta-layouts":"default","ast-page-background-enabled":"default","ast-page-background-meta":{"desktop":{"background-color":"","background-image":"","background-repeat":"repeat","background-position":"center center","background-size":"auto","background-attachment":"scroll","background-type":"","background-media":"","overlay-type":"","overlay-color":"","overlay-opacity":"","overlay-gradient":""},"tablet":{"background-color":"","background-image":"","background-repeat":"repeat","background-position":"center center","background-size":"auto","background-attachment":"scroll","background-type":"","background-media":"","overlay-type":"","overlay-color":"","overlay-opacity":"","overlay-gradient":""},"mobile":{"background-color":"","background-image":"","background-repeat":"repeat","background-position":"center center","background-size":"auto","background-attachment":"scroll","background-type":"","background-media":"","overlay-type":"","overlay-color":"","overlay-opacity":"","overlay-gradient":""}},"ast-content-background-meta":{"desktop":{"background-color":"var(--ast-global-color-5)","background-image":"","background-repeat":"repeat","background-position":"center center","background-size":"auto","background-attachment":"scroll","background-type":"","background-media":"","overlay-type":"","overlay-color":"","overlay-opacity":"","overlay-gradient":""},"tablet":{"background-color":"var(--ast-global-color-5)","background-image":"","background-repeat":"repeat","background-position":"center center","background-size":"auto","background-attachment":"scroll","background-type":"","background-media":"","overlay-type":"","overlay-color":"","overlay-opacity":"","overlay-gradient":""},"mobile":{"background-color":"var(--ast-global-color-5)","background-image":"","background-repeat":"repeat","background-position":"center center","background-size":"auto","background-attachment":"scroll","background-type":"","background-media":"","overlay-type":"","overlay-color":"","overlay-opacity":"","overlay-gradient":""}},"_joinchat":[],"footnotes":""},"categories":[759],"tags":[880,780,881],"class_list":["post-6577","post","type-post","status-publish","format-standard","has-post-thumbnail","hentry","category-nouvelles","tag-ain-fr-2","tag-reparacion-equipos-dinamicos-fr-2","tag-xvi-curso-de-ingenieria-de-superficies-fr"],"_links":{"self":[{"href":"https:\/\/tmcomas.com\/fr\/wp-json\/wp\/v2\/posts\/6577","targetHints":{"allow":["GET"]}}],"collection":[{"href":"https:\/\/tmcomas.com\/fr\/wp-json\/wp\/v2\/posts"}],"about":[{"href":"https:\/\/tmcomas.com\/fr\/wp-json\/wp\/v2\/types\/post"}],"author":[{"embeddable":true,"href":"https:\/\/tmcomas.com\/fr\/wp-json\/wp\/v2\/users\/2"}],"replies":[{"embeddable":true,"href":"https:\/\/tmcomas.com\/fr\/wp-json\/wp\/v2\/comments?post=6577"}],"version-history":[{"count":0,"href":"https:\/\/tmcomas.com\/fr\/wp-json\/wp\/v2\/posts\/6577\/revisions"}],"wp:featuredmedia":[{"embeddable":true,"href":"https:\/\/tmcomas.com\/fr\/wp-json\/wp\/v2\/media\/7933"}],"wp:attachment":[{"href":"https:\/\/tmcomas.com\/fr\/wp-json\/wp\/v2\/media?parent=6577"}],"wp:term":[{"taxonomy":"category","embeddable":true,"href":"https:\/\/tmcomas.com\/fr\/wp-json\/wp\/v2\/categories?post=6577"},{"taxonomy":"post_tag","embeddable":true,"href":"https:\/\/tmcomas.com\/fr\/wp-json\/wp\/v2\/tags?post=6577"}],"curies":[{"name":"wp","href":"https:\/\/api.w.org\/{rel}","templated":true}]}}