{"id":6730,"date":"2015-11-20T15:58:18","date_gmt":"2015-11-20T15:58:18","guid":{"rendered":"https:\/\/tmcomas.com\/tmcomas-expone-sus-novedades-sobre-laser-cladding-en-las-xi-jornadas-de-procesado-de-materiales-con-tecnologia-laser-organizadas-por-aimen\/"},"modified":"2020-09-08T17:56:55","modified_gmt":"2020-09-08T15:56:55","slug":"tmcomas-presente-ses-nouvelles-en-laser-cladding-aux-xi-conferences-sur-le-traitement-de-materiaux-avec-technologie-laser-organise-par-aimen","status":"publish","type":"post","link":"https:\/\/tmcomas.com\/fr\/tmcomas-presente-ses-nouvelles-en-laser-cladding-aux-xi-conferences-sur-le-traitement-de-materiaux-avec-technologie-laser-organise-par-aimen\/","title":{"rendered":"TMCOMAS pr\u00e9sente ses nouvelles en Laser Cladding aux XI Conf\u00e9rences sur le traitement de mat\u00e9riaux avec Technologie Laser organis\u00e9 par AIMEN"},"content":{"rendered":"<p>Le 12 et 13 Novembre dernier,<strong> TMCOMAS<\/strong> a particip\u00e9 aux <strong>XI<\/strong> <strong>Conf\u00e9rences sur le traitement de mat\u00e9riaux avec Technologie Laser<\/strong> organis\u00e9es par le Centre technologique <strong>AIMEN<\/strong> \u00e0 O Porri\u00f1o, Pontevedra.<\/p>\n<p align=\"JUSTIFY\"><span lang=\"fr-FR\">Le <\/span><span lang=\"fr-FR\"><b>chef du d\u00e9partement de production TMCOMAS<\/b><\/span><span lang=\"fr-FR\">, le <\/span><span lang=\"fr-FR\"><b>Docteur Raimond Franch<\/b><\/span><span lang=\"fr-FR\">, \u00e9tait le responsable pour exposer les <\/span><span lang=\"fr-FR\"><b>principaux d\u00e9veloppements en rev\u00eatements laser<\/b><\/span><span lang=\"fr-FR\">, ainsi que dans les autres services offerts par la soci\u00e9t\u00e9, aussi bien en termes de <\/span><span lang=\"fr-FR\"><b>m\u00e9canique de pr\u00e9cision, comme dans le domaine de la r\u00e9paration de machines tournantes, la projection thermique, les paliers \u00e0 r\u00e9gule, l&#8217;ing\u00e9nierie inverse et les soudages sp\u00e9ciaux.<\/b><\/span><\/p>\n<p><!--more--><\/p>\n<p align=\"JUSTIFY\"><span lang=\"fr-FR\">Pendant ces jours, <\/span><span lang=\"fr-FR\"><b>consolid\u00e9s au niveau europ\u00e9en<\/b><\/span><span lang=\"fr-FR\"> en tant que forum pour la connaissance du secteur, les <\/span><span lang=\"fr-FR\"><b>principales applications laser<\/b><\/span><span lang=\"fr-FR\"> ont \u00e9t\u00e9 pr\u00e9sent\u00e9es dans les domaines de la biom\u00e9decine, de l&#8217;automobile et de l&#8217;a\u00e9rospatiale et ont eu la participation d\u2019une centaine <\/span><span lang=\"fr-FR\"><b>d&#8217;experts de 7 pays.<\/b><\/span><\/p>\n<p align=\"JUSTIFY\"><span lang=\"fr-FR\">Parmi les <\/span><span lang=\"fr-FR\"><b>innovations pr\u00e9sent\u00e9es<\/b><\/span><span lang=\"fr-FR\"> dans cette \u00e9dition, il y a l&#8217;incorporation du laser pour la fabrication de micro dispositifs m\u00e9dicaux, syst\u00e8mes avant-gardiste de contr\u00f4le et motorisation de processus industriels et fabrication additive, entre autres choses.<\/span><\/p>\n<p><a href=\"https:\/\/tmcomas.com\/wp-content\/uploads\/baixa-1-3.png\"><img fetchpriority=\"high\" decoding=\"async\" class=\"alignnone size-full wp-image-3002\" src=\"https:\/\/tmcomas.com\/wp-content\/uploads\/baixa-1-3.png\" alt=\"baixa (1)\" width=\"567\" height=\"445\" \/><\/a><\/p>\n<p style=\"text-align: left;\" align=\"center\"><strong>Photo: Le Docteur Raimond Franch pendant sa pr\u00e9sentation sur les nouvelles en technologie Laser Cladding de TMCOMAS<\/strong><\/p>\n<p>Pour plus d&#8217;informations sur le programme de la conf\u00e9rence: \u00a0<a href=\"http:\/\/www.aimen.es\/jornadalaser2015\/\" target=\"_blank\" rel=\"noopener noreferrer\">http:\/\/www.aimen.es\/jornadalaser2015\/<\/a><\/p>\n","protected":false},"excerpt":{"rendered":"<p>Le 12 et 13 Novembre dernier, TMCOMAS a particip\u00e9 aux XI Conf\u00e9rences sur le traitement de mat\u00e9riaux avec Technologie Laser organis\u00e9es par le Centre technologique AIMEN \u00e0 O Porri\u00f1o, Pontevedra. Le chef du d\u00e9partement de production TMCOMAS, le Docteur Raimond Franch, \u00e9tait le responsable pour exposer les principaux d\u00e9veloppements en rev\u00eatements laser, ainsi que dans [&hellip;]<\/p>\n","protected":false},"author":2,"featured_media":7987,"comment_status":"closed","ping_status":"closed","sticky":false,"template":"","format":"standard","meta":{"site-sidebar-layout":"default","site-content-layout":"default","ast-site-content-layout":"default","site-content-style":"default","site-sidebar-style":"default","ast-global-header-display":"","ast-banner-title-visibility":"","ast-main-header-display":"","ast-hfb-above-header-display":"","ast-hfb-below-header-display":"","ast-hfb-mobile-header-display":"","site-post-title":"","ast-breadcrumbs-content":"","ast-featured-img":"","footer-sml-layout":"","theme-transparent-header-meta":"default","adv-header-id-meta":"","stick-header-meta":"","header-above-stick-meta":"","header-main-stick-meta":"","header-below-stick-meta":"","astra-migrate-meta-layouts":"default","ast-page-background-enabled":"default","ast-page-background-meta":{"desktop":{"background-color":"","background-image":"","background-repeat":"repeat","background-position":"center center","background-size":"auto","background-attachment":"scroll","background-type":"","background-media":"","overlay-type":"","overlay-color":"","overlay-opacity":"","overlay-gradient":""},"tablet":{"background-color":"","background-image":"","background-repeat":"repeat","background-position":"center center","background-size":"auto","background-attachment":"scroll","background-type":"","background-media":"","overlay-type":"","overlay-color":"","overlay-opacity":"","overlay-gradient":""},"mobile":{"background-color":"","background-image":"","background-repeat":"repeat","background-position":"center center","background-size":"auto","background-attachment":"scroll","background-type":"","background-media":"","overlay-type":"","overlay-color":"","overlay-opacity":"","overlay-gradient":""}},"ast-content-background-meta":{"desktop":{"background-color":"var(--ast-global-color-5)","background-image":"","background-repeat":"repeat","background-position":"center center","background-size":"auto","background-attachment":"scroll","background-type":"","background-media":"","overlay-type":"","overlay-color":"","overlay-opacity":"","overlay-gradient":""},"tablet":{"background-color":"var(--ast-global-color-5)","background-image":"","background-repeat":"repeat","background-position":"center center","background-size":"auto","background-attachment":"scroll","background-type":"","background-media":"","overlay-type":"","overlay-color":"","overlay-opacity":"","overlay-gradient":""},"mobile":{"background-color":"var(--ast-global-color-5)","background-image":"","background-repeat":"repeat","background-position":"center center","background-size":"auto","background-attachment":"scroll","background-type":"","background-media":"","overlay-type":"","overlay-color":"","overlay-opacity":"","overlay-gradient":""}},"_joinchat":[],"footnotes":""},"categories":[759],"tags":[885,968,970],"class_list":["post-6730","post","type-post","status-publish","format-standard","has-post-thumbnail","hentry","category-nouvelles","tag-aimen-fr-2","tag-o-porrino-fr-2","tag-xi-jornadas-de-procesado-de-materiales-con-tecnologia-laser-fr-2"],"_links":{"self":[{"href":"https:\/\/tmcomas.com\/fr\/wp-json\/wp\/v2\/posts\/6730","targetHints":{"allow":["GET"]}}],"collection":[{"href":"https:\/\/tmcomas.com\/fr\/wp-json\/wp\/v2\/posts"}],"about":[{"href":"https:\/\/tmcomas.com\/fr\/wp-json\/wp\/v2\/types\/post"}],"author":[{"embeddable":true,"href":"https:\/\/tmcomas.com\/fr\/wp-json\/wp\/v2\/users\/2"}],"replies":[{"embeddable":true,"href":"https:\/\/tmcomas.com\/fr\/wp-json\/wp\/v2\/comments?post=6730"}],"version-history":[{"count":0,"href":"https:\/\/tmcomas.com\/fr\/wp-json\/wp\/v2\/posts\/6730\/revisions"}],"wp:featuredmedia":[{"embeddable":true,"href":"https:\/\/tmcomas.com\/fr\/wp-json\/wp\/v2\/media\/7987"}],"wp:attachment":[{"href":"https:\/\/tmcomas.com\/fr\/wp-json\/wp\/v2\/media?parent=6730"}],"wp:term":[{"taxonomy":"category","embeddable":true,"href":"https:\/\/tmcomas.com\/fr\/wp-json\/wp\/v2\/categories?post=6730"},{"taxonomy":"post_tag","embeddable":true,"href":"https:\/\/tmcomas.com\/fr\/wp-json\/wp\/v2\/tags?post=6730"}],"curies":[{"name":"wp","href":"https:\/\/api.w.org\/{rel}","templated":true}]}}